{"id":2283,"date":"2021-03-05T09:55:38","date_gmt":"2021-03-05T08:55:38","guid":{"rendered":"https:\/\/www.embalajesterra.com\/blog\/?p=2283"},"modified":"2023-07-20T13:10:35","modified_gmt":"2023-07-20T11:10:35","slug":"cabreiroa-reinventa-el-packaging-para-agua","status":"publish","type":"post","link":"https:\/\/www.embalajesterra.com\/blog\/cabreiroa-reinventa-el-packaging-para-agua\/","title":{"rendered":"Cabreiro\u00e1 reinventa el packaging para agua"},"content":{"rendered":"\n<p>Cabreiro\u00e1 reinventa el packaging para agua presentando su nueva botella de aluminio reciclable, sostenible y circular.<\/p>\n\n\n\n<p>La nueva botella eco de aluminio es ligera, de f\u00e1cil transporte y muy resistente, infinitamente reciclable, contribuyendo a la circularidad de los envases.<\/p>\n\n\n\n<p>La botella de aluminio dise\u00f1ada con paisajes de Galicia tiene 6 dise\u00f1os diferentes, la Catedral de Santiago de Compostela entre ellos.<\/p>\n\n\n\n<figure class=\"wp-block-image size-large\"><img loading=\"lazy\" decoding=\"async\" width=\"819\" height=\"1024\" src=\"https:\/\/www.embalajesterra.com\/blog\/wp-content\/uploads\/2021\/03\/EvjWKoCXEAAjK_4-819x1024.jpg\" alt=\"\" class=\"wp-image-2285\" srcset=\"https:\/\/www.embalajesterra.com\/blog\/wp-content\/uploads\/2021\/03\/EvjWKoCXEAAjK_4-819x1024.jpg 819w, https:\/\/www.embalajesterra.com\/blog\/wp-content\/uploads\/2021\/03\/EvjWKoCXEAAjK_4-240x300.jpg 240w, https:\/\/www.embalajesterra.com\/blog\/wp-content\/uploads\/2021\/03\/EvjWKoCXEAAjK_4-768x960.jpg 768w, https:\/\/www.embalajesterra.com\/blog\/wp-content\/uploads\/2021\/03\/EvjWKoCXEAAjK_4-750x938.jpg 750w, https:\/\/www.embalajesterra.com\/blog\/wp-content\/uploads\/2021\/03\/EvjWKoCXEAAjK_4-555x694.jpg 555w, https:\/\/www.embalajesterra.com\/blog\/wp-content\/uploads\/2021\/03\/EvjWKoCXEAAjK_4-360x450.jpg 360w, https:\/\/www.embalajesterra.com\/blog\/wp-content\/uploads\/2021\/03\/EvjWKoCXEAAjK_4.jpg 960w\" sizes=\"auto, (max-width: 819px) 100vw, 819px\" \/><\/figure>\n\n\n\n<p>Cabreiro\u00e1 no para de trabajar por cuidar la biodiversidad y ofrecer nuevas soluciones mucho m\u00e1s sostenibles, apostando por el reciclaje y la circulaci\u00f3n de envases.<\/p>\n\n\n\n<p>Toda la energ\u00eda que se utiliza para la producci\u00f3n de las bebidas es 100 % procedente de fuentes renovables.<\/p>\n\n\n\n<p>Su gran preocupaci\u00f3n por el medio ambiente e inter\u00e9s en cuidarlo ha permitido crear nuevos envases que nos permitan seguir disfrutando del agua Gallega, pero, cada vez m\u00e1s cuidando de nuestro planeta.<\/p>\n\n\n\n<p>Pero este nuevo eco envase para las botellas de agua no es el \u00fanico packaging sostenible presentado por la marca de agua Gallega.<\/p>\n\n\n\n<p>Han creado un nuevo envase para el pack de 8 litros, un envase de cart\u00f3n 100 % reciclable con una bolsa con grifo para disfrutar del agua de Galicia c\u00f3modamente en casa.<\/p>\n\n\n\n<div class=\"wp-block-image\"><figure class=\"aligncenter size-large is-resized\"><img loading=\"lazy\" decoding=\"async\" src=\"https:\/\/www.embalajesterra.com\/blog\/wp-content\/uploads\/2021\/03\/cabreiroa-en-nevera.jpg\" alt=\"\" class=\"wp-image-2284\" width=\"610\" height=\"405\" srcset=\"https:\/\/www.embalajesterra.com\/blog\/wp-content\/uploads\/2021\/03\/cabreiroa-en-nevera.jpg 465w, https:\/\/www.embalajesterra.com\/blog\/wp-content\/uploads\/2021\/03\/cabreiroa-en-nevera-300x199.jpg 300w, https:\/\/www.embalajesterra.com\/blog\/wp-content\/uploads\/2021\/03\/cabreiroa-en-nevera-360x239.jpg 360w\" sizes=\"auto, (max-width: 610px) 100vw, 610px\" \/><\/figure><\/div>\n\n\n\n<p>Este envase de cart\u00f3n que adem\u00e1s se puede colocar en el frigor\u00edfico supone una gran propuesta para acabar con las botellas y garrafas de pl\u00e1stico y aportar una soluci\u00f3n ecol\u00f3gica e innovadora.<\/p>\n\n\n\n<p>\u00abMucho m\u00e1s c\u00f3modo y sostenible\u00bb as\u00ed es el nuevo envase de cart\u00f3n para agua, que desde nuestro punto de vista se trata de toda una revoluci\u00f3n en el mundo del packaging.<\/p>\n\n\n\n<p><\/p>\n","protected":false},"excerpt":{"rendered":"<p>Cabreiro\u00e1 reinventa el packaging para agua presentando su nueva botella de aluminio reciclable, sostenible y circular. La nueva botella eco de aluminio es ligera, de f\u00e1cil transporte y muy resistente,&#8230;<\/p>\n","protected":false},"author":1,"featured_media":2294,"comment_status":"open","ping_status":"open","sticky":false,"template":"","format":"standard","meta":{"_monsterinsights_skip_tracking":false,"_monsterinsights_sitenote_active":false,"_monsterinsights_sitenote_note":"","_monsterinsights_sitenote_category":0,"footnotes":""},"categories":[173],"tags":[],"class_list":["post-2283","post","type-post","status-publish","format-standard","has-post-thumbnail","hentry","category-noticias-actualidad"],"yoast_head":"<!-- This site is optimized with the Yoast SEO plugin v25.1 - https:\/\/yoast.com\/wordpress\/plugins\/seo\/ -->\n<title>Cabreiro\u00e1 reinventa el packaging para agua<\/title>\n<meta name=\"robots\" content=\"index, follow, max-snippet:-1, max-image-preview:large, max-video-preview:-1\" \/>\n<link rel=\"canonical\" href=\"https:\/\/www.embalajesterra.com\/blog\/cabreiroa-reinventa-el-packaging-para-agua\/\" \/>\n<meta property=\"og:locale\" content=\"es_ES\" \/>\n<meta property=\"og:type\" content=\"article\" \/>\n<meta property=\"og:title\" content=\"Cabreiro\u00e1 reinventa el packaging para agua\" \/>\n<meta property=\"og:description\" content=\"Cabreiro\u00e1 reinventa el packaging para agua presentando su nueva botella de aluminio reciclable, sostenible y circular. La nueva botella eco de aluminio es ligera, de f\u00e1cil transporte y muy resistente,...\" \/>\n<meta property=\"og:url\" content=\"https:\/\/www.embalajesterra.com\/blog\/cabreiroa-reinventa-el-packaging-para-agua\/\" \/>\n<meta property=\"og:site_name\" content=\"Blog de Embalajes Terra\" \/>\n<meta property=\"article:publisher\" content=\"https:\/\/www.facebook.com\/embalajesterra\/\" \/>\n<meta property=\"article:published_time\" content=\"2021-03-05T08:55:38+00:00\" \/>\n<meta property=\"article:modified_time\" content=\"2023-07-20T11:10:35+00:00\" \/>\n<meta property=\"og:image\" content=\"https:\/\/www.embalajesterra.com\/blog\/wp-content\/uploads\/2021\/03\/BIB_cabreiroa.jpg\" \/>\n\t<meta property=\"og:image:width\" content=\"1353\" \/>\n\t<meta property=\"og:image:height\" content=\"936\" \/>\n\t<meta property=\"og:image:type\" content=\"image\/jpeg\" \/>\n<meta name=\"author\" content=\"Embalajes Terra\" \/>\n<meta name=\"twitter:card\" content=\"summary_large_image\" \/>\n<meta name=\"twitter:creator\" content=\"@embalajes_terra\" \/>\n<meta name=\"twitter:site\" content=\"@embalajes_terra\" \/>\n<meta name=\"twitter:label1\" content=\"Escrito por\" \/>\n\t<meta name=\"twitter:data1\" content=\"Embalajes Terra\" \/>\n\t<meta name=\"twitter:label2\" content=\"Tiempo de lectura\" \/>\n\t<meta name=\"twitter:data2\" content=\"2 minutos\" \/>\n<script type=\"application\/ld+json\" class=\"yoast-schema-graph\">{\"@context\":\"https:\/\/schema.org\",\"@graph\":[{\"@type\":\"Article\",\"@id\":\"https:\/\/www.embalajesterra.com\/blog\/cabreiroa-reinventa-el-packaging-para-agua\/#article\",\"isPartOf\":{\"@id\":\"https:\/\/www.embalajesterra.com\/blog\/cabreiroa-reinventa-el-packaging-para-agua\/\"},\"author\":{\"name\":\"Embalajes Terra\",\"@id\":\"https:\/\/www.embalajesterra.com\/blog\/#\/schema\/person\/f8e436d8a820c031fb4ef7b48c71270f\"},\"headline\":\"Cabreiro\u00e1 reinventa el packaging para agua\",\"datePublished\":\"2021-03-05T08:55:38+00:00\",\"dateModified\":\"2023-07-20T11:10:35+00:00\",\"mainEntityOfPage\":{\"@id\":\"https:\/\/www.embalajesterra.com\/blog\/cabreiroa-reinventa-el-packaging-para-agua\/\"},\"wordCount\":276,\"commentCount\":0,\"publisher\":{\"@id\":\"https:\/\/www.embalajesterra.com\/blog\/#organization\"},\"image\":{\"@id\":\"https:\/\/www.embalajesterra.com\/blog\/cabreiroa-reinventa-el-packaging-para-agua\/#primaryimage\"},\"thumbnailUrl\":\"https:\/\/www.embalajesterra.com\/blog\/wp-content\/uploads\/2021\/03\/BIB_cabreiroa.jpg\",\"articleSection\":[\"Noticias Actualidad\"],\"inLanguage\":\"es\",\"potentialAction\":[{\"@type\":\"CommentAction\",\"name\":\"Comment\",\"target\":[\"https:\/\/www.embalajesterra.com\/blog\/cabreiroa-reinventa-el-packaging-para-agua\/#respond\"]}]},{\"@type\":\"WebPage\",\"@id\":\"https:\/\/www.embalajesterra.com\/blog\/cabreiroa-reinventa-el-packaging-para-agua\/\",\"url\":\"https:\/\/www.embalajesterra.com\/blog\/cabreiroa-reinventa-el-packaging-para-agua\/\",\"name\":\"Cabreiro\u00e1 reinventa el packaging para agua\",\"isPartOf\":{\"@id\":\"https:\/\/www.embalajesterra.com\/blog\/#website\"},\"primaryImageOfPage\":{\"@id\":\"https:\/\/www.embalajesterra.com\/blog\/cabreiroa-reinventa-el-packaging-para-agua\/#primaryimage\"},\"image\":{\"@id\":\"https:\/\/www.embalajesterra.com\/blog\/cabreiroa-reinventa-el-packaging-para-agua\/#primaryimage\"},\"thumbnailUrl\":\"https:\/\/www.embalajesterra.com\/blog\/wp-content\/uploads\/2021\/03\/BIB_cabreiroa.jpg\",\"datePublished\":\"2021-03-05T08:55:38+00:00\",\"dateModified\":\"2023-07-20T11:10:35+00:00\",\"breadcrumb\":{\"@id\":\"https:\/\/www.embalajesterra.com\/blog\/cabreiroa-reinventa-el-packaging-para-agua\/#breadcrumb\"},\"inLanguage\":\"es\",\"potentialAction\":[{\"@type\":\"ReadAction\",\"target\":[\"https:\/\/www.embalajesterra.com\/blog\/cabreiroa-reinventa-el-packaging-para-agua\/\"]}]},{\"@type\":\"ImageObject\",\"inLanguage\":\"es\",\"@id\":\"https:\/\/www.embalajesterra.com\/blog\/cabreiroa-reinventa-el-packaging-para-agua\/#primaryimage\",\"url\":\"https:\/\/www.embalajesterra.com\/blog\/wp-content\/uploads\/2021\/03\/BIB_cabreiroa.jpg\",\"contentUrl\":\"https:\/\/www.embalajesterra.com\/blog\/wp-content\/uploads\/2021\/03\/BIB_cabreiroa.jpg\",\"width\":1353,\"height\":936},{\"@type\":\"BreadcrumbList\",\"@id\":\"https:\/\/www.embalajesterra.com\/blog\/cabreiroa-reinventa-el-packaging-para-agua\/#breadcrumb\",\"itemListElement\":[{\"@type\":\"ListItem\",\"position\":1,\"name\":\"Portada\",\"item\":\"https:\/\/www.embalajesterra.com\/blog\/\"},{\"@type\":\"ListItem\",\"position\":2,\"name\":\"Cabreiro\u00e1 reinventa el packaging para agua\"}]},{\"@type\":\"WebSite\",\"@id\":\"https:\/\/www.embalajesterra.com\/blog\/#website\",\"url\":\"https:\/\/www.embalajesterra.com\/blog\/\",\"name\":\"Blog de Embalajes Terra\",\"description\":\"\",\"publisher\":{\"@id\":\"https:\/\/www.embalajesterra.com\/blog\/#organization\"},\"potentialAction\":[{\"@type\":\"SearchAction\",\"target\":{\"@type\":\"EntryPoint\",\"urlTemplate\":\"https:\/\/www.embalajesterra.com\/blog\/?s={search_term_string}\"},\"query-input\":{\"@type\":\"PropertyValueSpecification\",\"valueRequired\":true,\"valueName\":\"search_term_string\"}}],\"inLanguage\":\"es\"},{\"@type\":\"Organization\",\"@id\":\"https:\/\/www.embalajesterra.com\/blog\/#organization\",\"name\":\"Embalajes Terra\",\"url\":\"https:\/\/www.embalajesterra.com\/blog\/\",\"logo\":{\"@type\":\"ImageObject\",\"inLanguage\":\"es\",\"@id\":\"https:\/\/www.embalajesterra.com\/blog\/#\/schema\/logo\/image\/\",\"url\":\"https:\/\/www.embalajesterra.com\/blog\/wp-content\/uploads\/2021\/09\/cropped-LogoET3_prestashop1-3.jpg\",\"contentUrl\":\"https:\/\/www.embalajesterra.com\/blog\/wp-content\/uploads\/2021\/09\/cropped-LogoET3_prestashop1-3.jpg\",\"width\":200,\"height\":40,\"caption\":\"Embalajes Terra\"},\"image\":{\"@id\":\"https:\/\/www.embalajesterra.com\/blog\/#\/schema\/logo\/image\/\"},\"sameAs\":[\"https:\/\/www.facebook.com\/embalajesterra\/\",\"https:\/\/x.com\/embalajes_terra\",\"https:\/\/es.pinterest.com\/embalajest\/\",\"https:\/\/www.youtube.com\/channel\/UCS8O3-PMQQIQBsy5lKQkMxQ\"]},{\"@type\":\"Person\",\"@id\":\"https:\/\/www.embalajesterra.com\/blog\/#\/schema\/person\/f8e436d8a820c031fb4ef7b48c71270f\",\"name\":\"Embalajes Terra\",\"image\":{\"@type\":\"ImageObject\",\"inLanguage\":\"es\",\"@id\":\"https:\/\/www.embalajesterra.com\/blog\/#\/schema\/person\/image\/\",\"url\":\"https:\/\/secure.gravatar.com\/avatar\/e9ea62dd671c8fa42a1cb8ec9fdf623c8d0b60d99c1f3e56033bc57479168344?s=96&d=mm&r=g\",\"contentUrl\":\"https:\/\/secure.gravatar.com\/avatar\/e9ea62dd671c8fa42a1cb8ec9fdf623c8d0b60d99c1f3e56033bc57479168344?s=96&d=mm&r=g\",\"caption\":\"Embalajes Terra\"}}]}<\/script>\n<!-- \/ Yoast SEO plugin. -->","yoast_head_json":{"title":"Cabreiro\u00e1 reinventa el packaging para agua","robots":{"index":"index","follow":"follow","max-snippet":"max-snippet:-1","max-image-preview":"max-image-preview:large","max-video-preview":"max-video-preview:-1"},"canonical":"https:\/\/www.embalajesterra.com\/blog\/cabreiroa-reinventa-el-packaging-para-agua\/","og_locale":"es_ES","og_type":"article","og_title":"Cabreiro\u00e1 reinventa el packaging para agua","og_description":"Cabreiro\u00e1 reinventa el packaging para agua presentando su nueva botella de aluminio reciclable, sostenible y circular. La nueva botella eco de aluminio es ligera, de f\u00e1cil transporte y muy resistente,...","og_url":"https:\/\/www.embalajesterra.com\/blog\/cabreiroa-reinventa-el-packaging-para-agua\/","og_site_name":"Blog de Embalajes Terra","article_publisher":"https:\/\/www.facebook.com\/embalajesterra\/","article_published_time":"2021-03-05T08:55:38+00:00","article_modified_time":"2023-07-20T11:10:35+00:00","og_image":[{"width":1353,"height":936,"url":"https:\/\/www.embalajesterra.com\/blog\/wp-content\/uploads\/2021\/03\/BIB_cabreiroa.jpg","type":"image\/jpeg"}],"author":"Embalajes Terra","twitter_card":"summary_large_image","twitter_creator":"@embalajes_terra","twitter_site":"@embalajes_terra","twitter_misc":{"Escrito por":"Embalajes Terra","Tiempo de lectura":"2 minutos"},"schema":{"@context":"https:\/\/schema.org","@graph":[{"@type":"Article","@id":"https:\/\/www.embalajesterra.com\/blog\/cabreiroa-reinventa-el-packaging-para-agua\/#article","isPartOf":{"@id":"https:\/\/www.embalajesterra.com\/blog\/cabreiroa-reinventa-el-packaging-para-agua\/"},"author":{"name":"Embalajes Terra","@id":"https:\/\/www.embalajesterra.com\/blog\/#\/schema\/person\/f8e436d8a820c031fb4ef7b48c71270f"},"headline":"Cabreiro\u00e1 reinventa el packaging para agua","datePublished":"2021-03-05T08:55:38+00:00","dateModified":"2023-07-20T11:10:35+00:00","mainEntityOfPage":{"@id":"https:\/\/www.embalajesterra.com\/blog\/cabreiroa-reinventa-el-packaging-para-agua\/"},"wordCount":276,"commentCount":0,"publisher":{"@id":"https:\/\/www.embalajesterra.com\/blog\/#organization"},"image":{"@id":"https:\/\/www.embalajesterra.com\/blog\/cabreiroa-reinventa-el-packaging-para-agua\/#primaryimage"},"thumbnailUrl":"https:\/\/www.embalajesterra.com\/blog\/wp-content\/uploads\/2021\/03\/BIB_cabreiroa.jpg","articleSection":["Noticias Actualidad"],"inLanguage":"es","potentialAction":[{"@type":"CommentAction","name":"Comment","target":["https:\/\/www.embalajesterra.com\/blog\/cabreiroa-reinventa-el-packaging-para-agua\/#respond"]}]},{"@type":"WebPage","@id":"https:\/\/www.embalajesterra.com\/blog\/cabreiroa-reinventa-el-packaging-para-agua\/","url":"https:\/\/www.embalajesterra.com\/blog\/cabreiroa-reinventa-el-packaging-para-agua\/","name":"Cabreiro\u00e1 reinventa el packaging para agua","isPartOf":{"@id":"https:\/\/www.embalajesterra.com\/blog\/#website"},"primaryImageOfPage":{"@id":"https:\/\/www.embalajesterra.com\/blog\/cabreiroa-reinventa-el-packaging-para-agua\/#primaryimage"},"image":{"@id":"https:\/\/www.embalajesterra.com\/blog\/cabreiroa-reinventa-el-packaging-para-agua\/#primaryimage"},"thumbnailUrl":"https:\/\/www.embalajesterra.com\/blog\/wp-content\/uploads\/2021\/03\/BIB_cabreiroa.jpg","datePublished":"2021-03-05T08:55:38+00:00","dateModified":"2023-07-20T11:10:35+00:00","breadcrumb":{"@id":"https:\/\/www.embalajesterra.com\/blog\/cabreiroa-reinventa-el-packaging-para-agua\/#breadcrumb"},"inLanguage":"es","potentialAction":[{"@type":"ReadAction","target":["https:\/\/www.embalajesterra.com\/blog\/cabreiroa-reinventa-el-packaging-para-agua\/"]}]},{"@type":"ImageObject","inLanguage":"es","@id":"https:\/\/www.embalajesterra.com\/blog\/cabreiroa-reinventa-el-packaging-para-agua\/#primaryimage","url":"https:\/\/www.embalajesterra.com\/blog\/wp-content\/uploads\/2021\/03\/BIB_cabreiroa.jpg","contentUrl":"https:\/\/www.embalajesterra.com\/blog\/wp-content\/uploads\/2021\/03\/BIB_cabreiroa.jpg","width":1353,"height":936},{"@type":"BreadcrumbList","@id":"https:\/\/www.embalajesterra.com\/blog\/cabreiroa-reinventa-el-packaging-para-agua\/#breadcrumb","itemListElement":[{"@type":"ListItem","position":1,"name":"Portada","item":"https:\/\/www.embalajesterra.com\/blog\/"},{"@type":"ListItem","position":2,"name":"Cabreiro\u00e1 reinventa el packaging para agua"}]},{"@type":"WebSite","@id":"https:\/\/www.embalajesterra.com\/blog\/#website","url":"https:\/\/www.embalajesterra.com\/blog\/","name":"Blog de Embalajes Terra","description":"","publisher":{"@id":"https:\/\/www.embalajesterra.com\/blog\/#organization"},"potentialAction":[{"@type":"SearchAction","target":{"@type":"EntryPoint","urlTemplate":"https:\/\/www.embalajesterra.com\/blog\/?s={search_term_string}"},"query-input":{"@type":"PropertyValueSpecification","valueRequired":true,"valueName":"search_term_string"}}],"inLanguage":"es"},{"@type":"Organization","@id":"https:\/\/www.embalajesterra.com\/blog\/#organization","name":"Embalajes Terra","url":"https:\/\/www.embalajesterra.com\/blog\/","logo":{"@type":"ImageObject","inLanguage":"es","@id":"https:\/\/www.embalajesterra.com\/blog\/#\/schema\/logo\/image\/","url":"https:\/\/www.embalajesterra.com\/blog\/wp-content\/uploads\/2021\/09\/cropped-LogoET3_prestashop1-3.jpg","contentUrl":"https:\/\/www.embalajesterra.com\/blog\/wp-content\/uploads\/2021\/09\/cropped-LogoET3_prestashop1-3.jpg","width":200,"height":40,"caption":"Embalajes Terra"},"image":{"@id":"https:\/\/www.embalajesterra.com\/blog\/#\/schema\/logo\/image\/"},"sameAs":["https:\/\/www.facebook.com\/embalajesterra\/","https:\/\/x.com\/embalajes_terra","https:\/\/es.pinterest.com\/embalajest\/","https:\/\/www.youtube.com\/channel\/UCS8O3-PMQQIQBsy5lKQkMxQ"]},{"@type":"Person","@id":"https:\/\/www.embalajesterra.com\/blog\/#\/schema\/person\/f8e436d8a820c031fb4ef7b48c71270f","name":"Embalajes Terra","image":{"@type":"ImageObject","inLanguage":"es","@id":"https:\/\/www.embalajesterra.com\/blog\/#\/schema\/person\/image\/","url":"https:\/\/secure.gravatar.com\/avatar\/e9ea62dd671c8fa42a1cb8ec9fdf623c8d0b60d99c1f3e56033bc57479168344?s=96&d=mm&r=g","contentUrl":"https:\/\/secure.gravatar.com\/avatar\/e9ea62dd671c8fa42a1cb8ec9fdf623c8d0b60d99c1f3e56033bc57479168344?s=96&d=mm&r=g","caption":"Embalajes Terra"}}]}},"_links":{"self":[{"href":"https:\/\/www.embalajesterra.com\/blog\/wp-json\/wp\/v2\/posts\/2283","targetHints":{"allow":["GET"]}}],"collection":[{"href":"https:\/\/www.embalajesterra.com\/blog\/wp-json\/wp\/v2\/posts"}],"about":[{"href":"https:\/\/www.embalajesterra.com\/blog\/wp-json\/wp\/v2\/types\/post"}],"author":[{"embeddable":true,"href":"https:\/\/www.embalajesterra.com\/blog\/wp-json\/wp\/v2\/users\/1"}],"replies":[{"embeddable":true,"href":"https:\/\/www.embalajesterra.com\/blog\/wp-json\/wp\/v2\/comments?post=2283"}],"version-history":[{"count":2,"href":"https:\/\/www.embalajesterra.com\/blog\/wp-json\/wp\/v2\/posts\/2283\/revisions"}],"predecessor-version":[{"id":2288,"href":"https:\/\/www.embalajesterra.com\/blog\/wp-json\/wp\/v2\/posts\/2283\/revisions\/2288"}],"wp:featuredmedia":[{"embeddable":true,"href":"https:\/\/www.embalajesterra.com\/blog\/wp-json\/wp\/v2\/media\/2294"}],"wp:attachment":[{"href":"https:\/\/www.embalajesterra.com\/blog\/wp-json\/wp\/v2\/media?parent=2283"}],"wp:term":[{"taxonomy":"category","embeddable":true,"href":"https:\/\/www.embalajesterra.com\/blog\/wp-json\/wp\/v2\/categories?post=2283"},{"taxonomy":"post_tag","embeddable":true,"href":"https:\/\/www.embalajesterra.com\/blog\/wp-json\/wp\/v2\/tags?post=2283"}],"curies":[{"name":"wp","href":"https:\/\/api.w.org\/{rel}","templated":true}]}}