{"id":2349,"date":"2021-03-24T12:42:32","date_gmt":"2021-03-24T11:42:32","guid":{"rendered":"https:\/\/www.embalajesterra.com\/blog\/?p=2349"},"modified":"2023-07-20T13:10:18","modified_gmt":"2023-07-20T11:10:18","slug":"los-zumos-en-envase-100-reciclado-llegan-de-la-mano-de-via-nature","status":"publish","type":"post","link":"https:\/\/www.embalajesterra.com\/blog\/los-zumos-en-envase-100-reciclado-llegan-de-la-mano-de-via-nature\/","title":{"rendered":"Los zumos en envase 100% reciclado llegan de la mano de Via Nature"},"content":{"rendered":"\n<p>Via Nature, la marca de productos de alimentaci\u00f3n saludables lleva m\u00e1s all\u00e1 su compromiso con el medio ambiente relanzando un nuevo packaging 100 % reciclado para su gama de zumos naturales.<\/p>\n\n\n\n<p>Este nuevo packaging no solo es 100 % reciclado, tambi\u00e9n cuenta con un sistema exclusivo llamado Real Fresh, que permite garantizar frescura y el mejor sabor para sus zumos.<\/p>\n\n\n\n<p>La marca que pertenece al Grupo AMC Natural Drinks Group l\u00edder en Europa en la fabricaci\u00f3n y distribuci\u00f3n de bebidas naturales de gran calidad.<\/p>\n\n\n\n<figure class=\"wp-block-image size-large\"><img loading=\"lazy\" decoding=\"async\" width=\"743\" height=\"706\" src=\"https:\/\/www.embalajesterra.com\/blog\/wp-content\/uploads\/2021\/03\/Bodegon-Zumos-Via-Nature-750ml-responsive.jpg\" alt=\"\" class=\"wp-image-2350\" srcset=\"https:\/\/www.embalajesterra.com\/blog\/wp-content\/uploads\/2021\/03\/Bodegon-Zumos-Via-Nature-750ml-responsive.jpg 743w, https:\/\/www.embalajesterra.com\/blog\/wp-content\/uploads\/2021\/03\/Bodegon-Zumos-Via-Nature-750ml-responsive-300x285.jpg 300w, https:\/\/www.embalajesterra.com\/blog\/wp-content\/uploads\/2021\/03\/Bodegon-Zumos-Via-Nature-750ml-responsive-555x527.jpg 555w, https:\/\/www.embalajesterra.com\/blog\/wp-content\/uploads\/2021\/03\/Bodegon-Zumos-Via-Nature-750ml-responsive-360x342.jpg 360w\" sizes=\"auto, (max-width: 743px) 100vw, 743px\" \/><\/figure>\n\n\n\n<p>Bajo el slogan \u00abFrescos por dentro y por fuera\u00bb, la marca se ha consolidado por su preocupaci\u00f3n tanto en la calidad de sus productos como en el cuidado del medio ambiente.<\/p>\n\n\n\n<p>El nuevo envase 100 % reciclado es tambi\u00e9n 100 % reciclable, restanto as\u00ed un 47% de huella de carbono al planeta.<\/p>\n\n\n\n<p>Los zumos Via Nature se pueden adquirir en supermercados como El Corte Ingl\u00e9s, Alcampo o Caprabo.<\/p>\n\n\n\n<p>Productos sanos, naturales en un packaging con el que cuidar el medio ambiente y protegerlo, sin duda una gran soluci\u00f3n que refuerza la responsabilidad y gran innovaci\u00f3n de la marca.<\/p>\n","protected":false},"excerpt":{"rendered":"<p>Via Nature, la marca de productos de alimentaci\u00f3n saludables lleva m\u00e1s all\u00e1 su compromiso con el medio ambiente relanzando un nuevo packaging 100 % reciclado para su gama de zumos&#8230;<\/p>\n","protected":false},"author":1,"featured_media":2352,"comment_status":"open","ping_status":"open","sticky":false,"template":"","format":"standard","meta":{"_monsterinsights_skip_tracking":false,"_monsterinsights_sitenote_active":false,"_monsterinsights_sitenote_note":"","_monsterinsights_sitenote_category":0,"footnotes":""},"categories":[173],"tags":[],"class_list":["post-2349","post","type-post","status-publish","format-standard","has-post-thumbnail","hentry","category-noticias-actualidad"],"yoast_head":"<!-- This site is optimized with the Yoast SEO plugin v25.1 - https:\/\/yoast.com\/wordpress\/plugins\/seo\/ -->\n<title>Los zumos en envase 100% reciclado llegan de la mano de Via Nature<\/title>\n<meta name=\"robots\" content=\"index, follow, max-snippet:-1, max-image-preview:large, max-video-preview:-1\" \/>\n<link rel=\"canonical\" href=\"https:\/\/www.embalajesterra.com\/blog\/los-zumos-en-envase-100-reciclado-llegan-de-la-mano-de-via-nature\/\" \/>\n<meta property=\"og:locale\" content=\"es_ES\" \/>\n<meta property=\"og:type\" content=\"article\" \/>\n<meta property=\"og:title\" content=\"Los zumos en envase 100% reciclado llegan de la mano de Via Nature\" \/>\n<meta property=\"og:description\" content=\"Via Nature, la marca de productos de alimentaci\u00f3n saludables lleva m\u00e1s all\u00e1 su compromiso con el medio ambiente relanzando un nuevo packaging 100 % reciclado para su gama de zumos...\" \/>\n<meta property=\"og:url\" content=\"https:\/\/www.embalajesterra.com\/blog\/los-zumos-en-envase-100-reciclado-llegan-de-la-mano-de-via-nature\/\" \/>\n<meta property=\"og:site_name\" content=\"Blog de Embalajes Terra\" \/>\n<meta property=\"article:publisher\" content=\"https:\/\/www.facebook.com\/embalajesterra\/\" \/>\n<meta property=\"article:published_time\" content=\"2021-03-24T11:42:32+00:00\" \/>\n<meta property=\"article:modified_time\" content=\"2023-07-20T11:10:18+00:00\" \/>\n<meta property=\"og:image\" content=\"https:\/\/www.embalajesterra.com\/blog\/wp-content\/uploads\/2021\/03\/Screenshot_20210324_124208.png\" \/>\n\t<meta property=\"og:image:width\" content=\"914\" \/>\n\t<meta property=\"og:image:height\" content=\"716\" \/>\n\t<meta property=\"og:image:type\" content=\"image\/png\" \/>\n<meta name=\"author\" content=\"Embalajes Terra\" \/>\n<meta name=\"twitter:card\" content=\"summary_large_image\" \/>\n<meta name=\"twitter:creator\" content=\"@embalajes_terra\" \/>\n<meta name=\"twitter:site\" content=\"@embalajes_terra\" \/>\n<meta name=\"twitter:label1\" content=\"Escrito por\" \/>\n\t<meta name=\"twitter:data1\" content=\"Embalajes Terra\" \/>\n\t<meta name=\"twitter:label2\" content=\"Tiempo de lectura\" \/>\n\t<meta name=\"twitter:data2\" content=\"1 minuto\" \/>\n<script type=\"application\/ld+json\" class=\"yoast-schema-graph\">{\"@context\":\"https:\/\/schema.org\",\"@graph\":[{\"@type\":\"Article\",\"@id\":\"https:\/\/www.embalajesterra.com\/blog\/los-zumos-en-envase-100-reciclado-llegan-de-la-mano-de-via-nature\/#article\",\"isPartOf\":{\"@id\":\"https:\/\/www.embalajesterra.com\/blog\/los-zumos-en-envase-100-reciclado-llegan-de-la-mano-de-via-nature\/\"},\"author\":{\"name\":\"Embalajes Terra\",\"@id\":\"https:\/\/www.embalajesterra.com\/blog\/#\/schema\/person\/f8e436d8a820c031fb4ef7b48c71270f\"},\"headline\":\"Los zumos en envase 100% reciclado llegan de la mano de Via Nature\",\"datePublished\":\"2021-03-24T11:42:32+00:00\",\"dateModified\":\"2023-07-20T11:10:18+00:00\",\"mainEntityOfPage\":{\"@id\":\"https:\/\/www.embalajesterra.com\/blog\/los-zumos-en-envase-100-reciclado-llegan-de-la-mano-de-via-nature\/\"},\"wordCount\":196,\"commentCount\":0,\"publisher\":{\"@id\":\"https:\/\/www.embalajesterra.com\/blog\/#organization\"},\"image\":{\"@id\":\"https:\/\/www.embalajesterra.com\/blog\/los-zumos-en-envase-100-reciclado-llegan-de-la-mano-de-via-nature\/#primaryimage\"},\"thumbnailUrl\":\"https:\/\/www.embalajesterra.com\/blog\/wp-content\/uploads\/2021\/03\/Screenshot_20210324_124208.png\",\"articleSection\":[\"Noticias Actualidad\"],\"inLanguage\":\"es\",\"potentialAction\":[{\"@type\":\"CommentAction\",\"name\":\"Comment\",\"target\":[\"https:\/\/www.embalajesterra.com\/blog\/los-zumos-en-envase-100-reciclado-llegan-de-la-mano-de-via-nature\/#respond\"]}]},{\"@type\":\"WebPage\",\"@id\":\"https:\/\/www.embalajesterra.com\/blog\/los-zumos-en-envase-100-reciclado-llegan-de-la-mano-de-via-nature\/\",\"url\":\"https:\/\/www.embalajesterra.com\/blog\/los-zumos-en-envase-100-reciclado-llegan-de-la-mano-de-via-nature\/\",\"name\":\"Los zumos en envase 100% reciclado llegan de la mano de Via Nature\",\"isPartOf\":{\"@id\":\"https:\/\/www.embalajesterra.com\/blog\/#website\"},\"primaryImageOfPage\":{\"@id\":\"https:\/\/www.embalajesterra.com\/blog\/los-zumos-en-envase-100-reciclado-llegan-de-la-mano-de-via-nature\/#primaryimage\"},\"image\":{\"@id\":\"https:\/\/www.embalajesterra.com\/blog\/los-zumos-en-envase-100-reciclado-llegan-de-la-mano-de-via-nature\/#primaryimage\"},\"thumbnailUrl\":\"https:\/\/www.embalajesterra.com\/blog\/wp-content\/uploads\/2021\/03\/Screenshot_20210324_124208.png\",\"datePublished\":\"2021-03-24T11:42:32+00:00\",\"dateModified\":\"2023-07-20T11:10:18+00:00\",\"breadcrumb\":{\"@id\":\"https:\/\/www.embalajesterra.com\/blog\/los-zumos-en-envase-100-reciclado-llegan-de-la-mano-de-via-nature\/#breadcrumb\"},\"inLanguage\":\"es\",\"potentialAction\":[{\"@type\":\"ReadAction\",\"target\":[\"https:\/\/www.embalajesterra.com\/blog\/los-zumos-en-envase-100-reciclado-llegan-de-la-mano-de-via-nature\/\"]}]},{\"@type\":\"ImageObject\",\"inLanguage\":\"es\",\"@id\":\"https:\/\/www.embalajesterra.com\/blog\/los-zumos-en-envase-100-reciclado-llegan-de-la-mano-de-via-nature\/#primaryimage\",\"url\":\"https:\/\/www.embalajesterra.com\/blog\/wp-content\/uploads\/2021\/03\/Screenshot_20210324_124208.png\",\"contentUrl\":\"https:\/\/www.embalajesterra.com\/blog\/wp-content\/uploads\/2021\/03\/Screenshot_20210324_124208.png\",\"width\":914,\"height\":716},{\"@type\":\"BreadcrumbList\",\"@id\":\"https:\/\/www.embalajesterra.com\/blog\/los-zumos-en-envase-100-reciclado-llegan-de-la-mano-de-via-nature\/#breadcrumb\",\"itemListElement\":[{\"@type\":\"ListItem\",\"position\":1,\"name\":\"Portada\",\"item\":\"https:\/\/www.embalajesterra.com\/blog\/\"},{\"@type\":\"ListItem\",\"position\":2,\"name\":\"Los zumos en envase 100% reciclado llegan de la mano de Via Nature\"}]},{\"@type\":\"WebSite\",\"@id\":\"https:\/\/www.embalajesterra.com\/blog\/#website\",\"url\":\"https:\/\/www.embalajesterra.com\/blog\/\",\"name\":\"Blog de Embalajes Terra\",\"description\":\"\",\"publisher\":{\"@id\":\"https:\/\/www.embalajesterra.com\/blog\/#organization\"},\"potentialAction\":[{\"@type\":\"SearchAction\",\"target\":{\"@type\":\"EntryPoint\",\"urlTemplate\":\"https:\/\/www.embalajesterra.com\/blog\/?s={search_term_string}\"},\"query-input\":{\"@type\":\"PropertyValueSpecification\",\"valueRequired\":true,\"valueName\":\"search_term_string\"}}],\"inLanguage\":\"es\"},{\"@type\":\"Organization\",\"@id\":\"https:\/\/www.embalajesterra.com\/blog\/#organization\",\"name\":\"Embalajes Terra\",\"url\":\"https:\/\/www.embalajesterra.com\/blog\/\",\"logo\":{\"@type\":\"ImageObject\",\"inLanguage\":\"es\",\"@id\":\"https:\/\/www.embalajesterra.com\/blog\/#\/schema\/logo\/image\/\",\"url\":\"https:\/\/www.embalajesterra.com\/blog\/wp-content\/uploads\/2021\/09\/cropped-LogoET3_prestashop1-3.jpg\",\"contentUrl\":\"https:\/\/www.embalajesterra.com\/blog\/wp-content\/uploads\/2021\/09\/cropped-LogoET3_prestashop1-3.jpg\",\"width\":200,\"height\":40,\"caption\":\"Embalajes Terra\"},\"image\":{\"@id\":\"https:\/\/www.embalajesterra.com\/blog\/#\/schema\/logo\/image\/\"},\"sameAs\":[\"https:\/\/www.facebook.com\/embalajesterra\/\",\"https:\/\/x.com\/embalajes_terra\",\"https:\/\/es.pinterest.com\/embalajest\/\",\"https:\/\/www.youtube.com\/channel\/UCS8O3-PMQQIQBsy5lKQkMxQ\"]},{\"@type\":\"Person\",\"@id\":\"https:\/\/www.embalajesterra.com\/blog\/#\/schema\/person\/f8e436d8a820c031fb4ef7b48c71270f\",\"name\":\"Embalajes Terra\",\"image\":{\"@type\":\"ImageObject\",\"inLanguage\":\"es\",\"@id\":\"https:\/\/www.embalajesterra.com\/blog\/#\/schema\/person\/image\/\",\"url\":\"https:\/\/secure.gravatar.com\/avatar\/e9ea62dd671c8fa42a1cb8ec9fdf623c8d0b60d99c1f3e56033bc57479168344?s=96&d=mm&r=g\",\"contentUrl\":\"https:\/\/secure.gravatar.com\/avatar\/e9ea62dd671c8fa42a1cb8ec9fdf623c8d0b60d99c1f3e56033bc57479168344?s=96&d=mm&r=g\",\"caption\":\"Embalajes Terra\"}}]}<\/script>\n<!-- \/ Yoast SEO plugin. -->","yoast_head_json":{"title":"Los zumos en envase 100% reciclado llegan de la mano de Via Nature","robots":{"index":"index","follow":"follow","max-snippet":"max-snippet:-1","max-image-preview":"max-image-preview:large","max-video-preview":"max-video-preview:-1"},"canonical":"https:\/\/www.embalajesterra.com\/blog\/los-zumos-en-envase-100-reciclado-llegan-de-la-mano-de-via-nature\/","og_locale":"es_ES","og_type":"article","og_title":"Los zumos en envase 100% reciclado llegan de la mano de Via Nature","og_description":"Via Nature, la marca de productos de alimentaci\u00f3n saludables lleva m\u00e1s all\u00e1 su compromiso con el medio ambiente relanzando un nuevo packaging 100 % reciclado para su gama de zumos...","og_url":"https:\/\/www.embalajesterra.com\/blog\/los-zumos-en-envase-100-reciclado-llegan-de-la-mano-de-via-nature\/","og_site_name":"Blog de Embalajes Terra","article_publisher":"https:\/\/www.facebook.com\/embalajesterra\/","article_published_time":"2021-03-24T11:42:32+00:00","article_modified_time":"2023-07-20T11:10:18+00:00","og_image":[{"width":914,"height":716,"url":"https:\/\/www.embalajesterra.com\/blog\/wp-content\/uploads\/2021\/03\/Screenshot_20210324_124208.png","type":"image\/png"}],"author":"Embalajes Terra","twitter_card":"summary_large_image","twitter_creator":"@embalajes_terra","twitter_site":"@embalajes_terra","twitter_misc":{"Escrito por":"Embalajes Terra","Tiempo de lectura":"1 minuto"},"schema":{"@context":"https:\/\/schema.org","@graph":[{"@type":"Article","@id":"https:\/\/www.embalajesterra.com\/blog\/los-zumos-en-envase-100-reciclado-llegan-de-la-mano-de-via-nature\/#article","isPartOf":{"@id":"https:\/\/www.embalajesterra.com\/blog\/los-zumos-en-envase-100-reciclado-llegan-de-la-mano-de-via-nature\/"},"author":{"name":"Embalajes Terra","@id":"https:\/\/www.embalajesterra.com\/blog\/#\/schema\/person\/f8e436d8a820c031fb4ef7b48c71270f"},"headline":"Los zumos en envase 100% reciclado llegan de la mano de Via Nature","datePublished":"2021-03-24T11:42:32+00:00","dateModified":"2023-07-20T11:10:18+00:00","mainEntityOfPage":{"@id":"https:\/\/www.embalajesterra.com\/blog\/los-zumos-en-envase-100-reciclado-llegan-de-la-mano-de-via-nature\/"},"wordCount":196,"commentCount":0,"publisher":{"@id":"https:\/\/www.embalajesterra.com\/blog\/#organization"},"image":{"@id":"https:\/\/www.embalajesterra.com\/blog\/los-zumos-en-envase-100-reciclado-llegan-de-la-mano-de-via-nature\/#primaryimage"},"thumbnailUrl":"https:\/\/www.embalajesterra.com\/blog\/wp-content\/uploads\/2021\/03\/Screenshot_20210324_124208.png","articleSection":["Noticias Actualidad"],"inLanguage":"es","potentialAction":[{"@type":"CommentAction","name":"Comment","target":["https:\/\/www.embalajesterra.com\/blog\/los-zumos-en-envase-100-reciclado-llegan-de-la-mano-de-via-nature\/#respond"]}]},{"@type":"WebPage","@id":"https:\/\/www.embalajesterra.com\/blog\/los-zumos-en-envase-100-reciclado-llegan-de-la-mano-de-via-nature\/","url":"https:\/\/www.embalajesterra.com\/blog\/los-zumos-en-envase-100-reciclado-llegan-de-la-mano-de-via-nature\/","name":"Los zumos en envase 100% reciclado llegan de la mano de Via Nature","isPartOf":{"@id":"https:\/\/www.embalajesterra.com\/blog\/#website"},"primaryImageOfPage":{"@id":"https:\/\/www.embalajesterra.com\/blog\/los-zumos-en-envase-100-reciclado-llegan-de-la-mano-de-via-nature\/#primaryimage"},"image":{"@id":"https:\/\/www.embalajesterra.com\/blog\/los-zumos-en-envase-100-reciclado-llegan-de-la-mano-de-via-nature\/#primaryimage"},"thumbnailUrl":"https:\/\/www.embalajesterra.com\/blog\/wp-content\/uploads\/2021\/03\/Screenshot_20210324_124208.png","datePublished":"2021-03-24T11:42:32+00:00","dateModified":"2023-07-20T11:10:18+00:00","breadcrumb":{"@id":"https:\/\/www.embalajesterra.com\/blog\/los-zumos-en-envase-100-reciclado-llegan-de-la-mano-de-via-nature\/#breadcrumb"},"inLanguage":"es","potentialAction":[{"@type":"ReadAction","target":["https:\/\/www.embalajesterra.com\/blog\/los-zumos-en-envase-100-reciclado-llegan-de-la-mano-de-via-nature\/"]}]},{"@type":"ImageObject","inLanguage":"es","@id":"https:\/\/www.embalajesterra.com\/blog\/los-zumos-en-envase-100-reciclado-llegan-de-la-mano-de-via-nature\/#primaryimage","url":"https:\/\/www.embalajesterra.com\/blog\/wp-content\/uploads\/2021\/03\/Screenshot_20210324_124208.png","contentUrl":"https:\/\/www.embalajesterra.com\/blog\/wp-content\/uploads\/2021\/03\/Screenshot_20210324_124208.png","width":914,"height":716},{"@type":"BreadcrumbList","@id":"https:\/\/www.embalajesterra.com\/blog\/los-zumos-en-envase-100-reciclado-llegan-de-la-mano-de-via-nature\/#breadcrumb","itemListElement":[{"@type":"ListItem","position":1,"name":"Portada","item":"https:\/\/www.embalajesterra.com\/blog\/"},{"@type":"ListItem","position":2,"name":"Los zumos en envase 100% reciclado llegan de la mano de Via Nature"}]},{"@type":"WebSite","@id":"https:\/\/www.embalajesterra.com\/blog\/#website","url":"https:\/\/www.embalajesterra.com\/blog\/","name":"Blog de Embalajes Terra","description":"","publisher":{"@id":"https:\/\/www.embalajesterra.com\/blog\/#organization"},"potentialAction":[{"@type":"SearchAction","target":{"@type":"EntryPoint","urlTemplate":"https:\/\/www.embalajesterra.com\/blog\/?s={search_term_string}"},"query-input":{"@type":"PropertyValueSpecification","valueRequired":true,"valueName":"search_term_string"}}],"inLanguage":"es"},{"@type":"Organization","@id":"https:\/\/www.embalajesterra.com\/blog\/#organization","name":"Embalajes Terra","url":"https:\/\/www.embalajesterra.com\/blog\/","logo":{"@type":"ImageObject","inLanguage":"es","@id":"https:\/\/www.embalajesterra.com\/blog\/#\/schema\/logo\/image\/","url":"https:\/\/www.embalajesterra.com\/blog\/wp-content\/uploads\/2021\/09\/cropped-LogoET3_prestashop1-3.jpg","contentUrl":"https:\/\/www.embalajesterra.com\/blog\/wp-content\/uploads\/2021\/09\/cropped-LogoET3_prestashop1-3.jpg","width":200,"height":40,"caption":"Embalajes Terra"},"image":{"@id":"https:\/\/www.embalajesterra.com\/blog\/#\/schema\/logo\/image\/"},"sameAs":["https:\/\/www.facebook.com\/embalajesterra\/","https:\/\/x.com\/embalajes_terra","https:\/\/es.pinterest.com\/embalajest\/","https:\/\/www.youtube.com\/channel\/UCS8O3-PMQQIQBsy5lKQkMxQ"]},{"@type":"Person","@id":"https:\/\/www.embalajesterra.com\/blog\/#\/schema\/person\/f8e436d8a820c031fb4ef7b48c71270f","name":"Embalajes Terra","image":{"@type":"ImageObject","inLanguage":"es","@id":"https:\/\/www.embalajesterra.com\/blog\/#\/schema\/person\/image\/","url":"https:\/\/secure.gravatar.com\/avatar\/e9ea62dd671c8fa42a1cb8ec9fdf623c8d0b60d99c1f3e56033bc57479168344?s=96&d=mm&r=g","contentUrl":"https:\/\/secure.gravatar.com\/avatar\/e9ea62dd671c8fa42a1cb8ec9fdf623c8d0b60d99c1f3e56033bc57479168344?s=96&d=mm&r=g","caption":"Embalajes Terra"}}]}},"_links":{"self":[{"href":"https:\/\/www.embalajesterra.com\/blog\/wp-json\/wp\/v2\/posts\/2349","targetHints":{"allow":["GET"]}}],"collection":[{"href":"https:\/\/www.embalajesterra.com\/blog\/wp-json\/wp\/v2\/posts"}],"about":[{"href":"https:\/\/www.embalajesterra.com\/blog\/wp-json\/wp\/v2\/types\/post"}],"author":[{"embeddable":true,"href":"https:\/\/www.embalajesterra.com\/blog\/wp-json\/wp\/v2\/users\/1"}],"replies":[{"embeddable":true,"href":"https:\/\/www.embalajesterra.com\/blog\/wp-json\/wp\/v2\/comments?post=2349"}],"version-history":[{"count":1,"href":"https:\/\/www.embalajesterra.com\/blog\/wp-json\/wp\/v2\/posts\/2349\/revisions"}],"predecessor-version":[{"id":2351,"href":"https:\/\/www.embalajesterra.com\/blog\/wp-json\/wp\/v2\/posts\/2349\/revisions\/2351"}],"wp:featuredmedia":[{"embeddable":true,"href":"https:\/\/www.embalajesterra.com\/blog\/wp-json\/wp\/v2\/media\/2352"}],"wp:attachment":[{"href":"https:\/\/www.embalajesterra.com\/blog\/wp-json\/wp\/v2\/media?parent=2349"}],"wp:term":[{"taxonomy":"category","embeddable":true,"href":"https:\/\/www.embalajesterra.com\/blog\/wp-json\/wp\/v2\/categories?post=2349"},{"taxonomy":"post_tag","embeddable":true,"href":"https:\/\/www.embalajesterra.com\/blog\/wp-json\/wp\/v2\/tags?post=2349"}],"curies":[{"name":"wp","href":"https:\/\/api.w.org\/{rel}","templated":true}]}}