{"id":2483,"date":"2021-05-10T10:38:37","date_gmt":"2021-05-10T08:38:37","guid":{"rendered":"https:\/\/www.embalajesterra.com\/blog\/?p=2483"},"modified":"2023-07-20T12:59:40","modified_gmt":"2023-07-20T10:59:40","slug":"nivea-crea-un-nuevo-packaging-sostenible-para-su-gama-de-productos-faciales","status":"publish","type":"post","link":"https:\/\/www.embalajesterra.com\/blog\/nivea-crea-un-nuevo-packaging-sostenible-para-su-gama-de-productos-faciales\/","title":{"rendered":"Nivea crea un nuevo packaging sostenible para su gama de productos faciales"},"content":{"rendered":"\n<p>La conocida marca cosm\u00e9tica Suiza de Beiersdorf renueva el packaging de su gama de productos Nivea para el cuidado facial, creando un nuevo packaging sostenible.<\/p>\n\n\n\n<p>En junio de este a\u00f1o 2021 ya podremos encontrar los productos faciales Naturally Good de Nivea en su nuevo packaging.<\/p>\n\n\n\n<p>Fabricado en polipropileno renovable y certificado y con base en aceite de resina renovable, Sabic es la empresa encargada de fabricarlo.<\/p>\n\n\n\n<div class=\"wp-block-image\"><figure class=\"aligncenter size-large is-resized\"><img loading=\"lazy\" decoding=\"async\" src=\"https:\/\/www.embalajesterra.com\/blog\/wp-content\/uploads\/2021\/05\/7b7eb7101c254fa8bfafb7d0a4bee758-original.jpg\" alt=\"\" class=\"wp-image-2484\" width=\"468\" height=\"546\" srcset=\"https:\/\/www.embalajesterra.com\/blog\/wp-content\/uploads\/2021\/05\/7b7eb7101c254fa8bfafb7d0a4bee758-original.jpg 640w, https:\/\/www.embalajesterra.com\/blog\/wp-content\/uploads\/2021\/05\/7b7eb7101c254fa8bfafb7d0a4bee758-original-257x300.jpg 257w, https:\/\/www.embalajesterra.com\/blog\/wp-content\/uploads\/2021\/05\/7b7eb7101c254fa8bfafb7d0a4bee758-original-555x649.jpg 555w, https:\/\/www.embalajesterra.com\/blog\/wp-content\/uploads\/2021\/05\/7b7eb7101c254fa8bfafb7d0a4bee758-original-360x421.jpg 360w\" sizes=\"auto, (max-width: 468px) 100vw, 468px\" \/><\/figure><\/div>\n\n\n\n<p>Se trata de un pl\u00e1stico reciclable, con un dise\u00f1o exactamente igual al anterior, pero, basado en la sostenibilidad y el cuidado medioambiental.<\/p>\n\n\n\n<p>Se ahorrar\u00e1 aproximadamente 76 gramos de CO2 por bote fabricado, reduciendo as\u00ed un 60% la producci\u00f3n de CO2 total frente a los botes fabricados en base f\u00f3sil.<\/p>\n\n\n\n<p>No solo el envase cuenta y es que la gama de productos Naturally Good  son org\u00e1nicos, fabricados con ingredientes naturales y producidos de forma sostenible.<\/p>\n\n\n\n<p>Beiersdorf espera que antes del a\u00f1o 2025 el 100% de sus envases sean reutilizables, reciclables y reutilizados, reduciendo al 50% el uso de pl\u00e1stico virgen.<\/p>\n\n\n\n<p>Naturalmente buenos y naturalmente reciclados, la nueva generaci\u00f3n de envases sostenibles de Nivea que espera ser l\u00edder en el sector de la cosm\u00e9tica.<\/p>\n","protected":false},"excerpt":{"rendered":"<p>La conocida marca cosm\u00e9tica Suiza de Beiersdorf renueva el packaging de su gama de productos Nivea para el cuidado facial, creando un nuevo packaging sostenible. En junio de este a\u00f1o&#8230;<\/p>\n","protected":false},"author":1,"featured_media":2492,"comment_status":"open","ping_status":"open","sticky":false,"template":"","format":"standard","meta":{"_monsterinsights_skip_tracking":false,"_monsterinsights_sitenote_active":false,"_monsterinsights_sitenote_note":"","_monsterinsights_sitenote_category":0,"footnotes":""},"categories":[173],"tags":[],"class_list":["post-2483","post","type-post","status-publish","format-standard","has-post-thumbnail","hentry","category-noticias-actualidad"],"yoast_head":"<!-- This site is optimized with the Yoast SEO plugin v25.1 - https:\/\/yoast.com\/wordpress\/plugins\/seo\/ -->\n<title>Nivea crea un nuevo packaging sostenible para su gama de productos faciales<\/title>\n<meta name=\"robots\" content=\"index, follow, max-snippet:-1, max-image-preview:large, max-video-preview:-1\" \/>\n<link rel=\"canonical\" href=\"https:\/\/www.embalajesterra.com\/blog\/nivea-crea-un-nuevo-packaging-sostenible-para-su-gama-de-productos-faciales\/\" \/>\n<meta property=\"og:locale\" content=\"es_ES\" \/>\n<meta property=\"og:type\" content=\"article\" \/>\n<meta property=\"og:title\" content=\"Nivea crea un nuevo packaging sostenible para su gama de productos faciales\" \/>\n<meta property=\"og:description\" content=\"La conocida marca cosm\u00e9tica Suiza de Beiersdorf renueva el packaging de su gama de productos Nivea para el cuidado facial, creando un nuevo packaging sostenible. En junio de este a\u00f1o...\" \/>\n<meta property=\"og:url\" content=\"https:\/\/www.embalajesterra.com\/blog\/nivea-crea-un-nuevo-packaging-sostenible-para-su-gama-de-productos-faciales\/\" \/>\n<meta property=\"og:site_name\" content=\"Blog de Embalajes Terra\" \/>\n<meta property=\"article:publisher\" content=\"https:\/\/www.facebook.com\/embalajesterra\/\" \/>\n<meta property=\"article:published_time\" content=\"2021-05-10T08:38:37+00:00\" \/>\n<meta property=\"article:modified_time\" content=\"2023-07-20T10:59:40+00:00\" \/>\n<meta property=\"og:image\" content=\"https:\/\/www.embalajesterra.com\/blog\/wp-content\/uploads\/2021\/05\/1200X628-2.jpg\" \/>\n\t<meta property=\"og:image:width\" content=\"1131\" \/>\n\t<meta property=\"og:image:height\" content=\"628\" \/>\n\t<meta property=\"og:image:type\" content=\"image\/jpeg\" \/>\n<meta name=\"author\" content=\"Embalajes Terra\" \/>\n<meta name=\"twitter:card\" content=\"summary_large_image\" \/>\n<meta name=\"twitter:creator\" content=\"@embalajes_terra\" \/>\n<meta name=\"twitter:site\" content=\"@embalajes_terra\" \/>\n<meta name=\"twitter:label1\" content=\"Escrito por\" \/>\n\t<meta name=\"twitter:data1\" content=\"Embalajes Terra\" \/>\n\t<meta name=\"twitter:label2\" content=\"Tiempo de lectura\" \/>\n\t<meta name=\"twitter:data2\" content=\"2 minutos\" \/>\n<script type=\"application\/ld+json\" class=\"yoast-schema-graph\">{\"@context\":\"https:\/\/schema.org\",\"@graph\":[{\"@type\":\"Article\",\"@id\":\"https:\/\/www.embalajesterra.com\/blog\/nivea-crea-un-nuevo-packaging-sostenible-para-su-gama-de-productos-faciales\/#article\",\"isPartOf\":{\"@id\":\"https:\/\/www.embalajesterra.com\/blog\/nivea-crea-un-nuevo-packaging-sostenible-para-su-gama-de-productos-faciales\/\"},\"author\":{\"name\":\"Embalajes Terra\",\"@id\":\"https:\/\/www.embalajesterra.com\/blog\/#\/schema\/person\/f8e436d8a820c031fb4ef7b48c71270f\"},\"headline\":\"Nivea crea un nuevo packaging sostenible para su gama de productos faciales\",\"datePublished\":\"2021-05-10T08:38:37+00:00\",\"dateModified\":\"2023-07-20T10:59:40+00:00\",\"mainEntityOfPage\":{\"@id\":\"https:\/\/www.embalajesterra.com\/blog\/nivea-crea-un-nuevo-packaging-sostenible-para-su-gama-de-productos-faciales\/\"},\"wordCount\":206,\"commentCount\":0,\"publisher\":{\"@id\":\"https:\/\/www.embalajesterra.com\/blog\/#organization\"},\"image\":{\"@id\":\"https:\/\/www.embalajesterra.com\/blog\/nivea-crea-un-nuevo-packaging-sostenible-para-su-gama-de-productos-faciales\/#primaryimage\"},\"thumbnailUrl\":\"https:\/\/www.embalajesterra.com\/blog\/wp-content\/uploads\/2021\/05\/1200X628-2.jpg\",\"articleSection\":[\"Noticias Actualidad\"],\"inLanguage\":\"es\",\"potentialAction\":[{\"@type\":\"CommentAction\",\"name\":\"Comment\",\"target\":[\"https:\/\/www.embalajesterra.com\/blog\/nivea-crea-un-nuevo-packaging-sostenible-para-su-gama-de-productos-faciales\/#respond\"]}]},{\"@type\":\"WebPage\",\"@id\":\"https:\/\/www.embalajesterra.com\/blog\/nivea-crea-un-nuevo-packaging-sostenible-para-su-gama-de-productos-faciales\/\",\"url\":\"https:\/\/www.embalajesterra.com\/blog\/nivea-crea-un-nuevo-packaging-sostenible-para-su-gama-de-productos-faciales\/\",\"name\":\"Nivea crea un nuevo packaging sostenible para su gama de productos faciales\",\"isPartOf\":{\"@id\":\"https:\/\/www.embalajesterra.com\/blog\/#website\"},\"primaryImageOfPage\":{\"@id\":\"https:\/\/www.embalajesterra.com\/blog\/nivea-crea-un-nuevo-packaging-sostenible-para-su-gama-de-productos-faciales\/#primaryimage\"},\"image\":{\"@id\":\"https:\/\/www.embalajesterra.com\/blog\/nivea-crea-un-nuevo-packaging-sostenible-para-su-gama-de-productos-faciales\/#primaryimage\"},\"thumbnailUrl\":\"https:\/\/www.embalajesterra.com\/blog\/wp-content\/uploads\/2021\/05\/1200X628-2.jpg\",\"datePublished\":\"2021-05-10T08:38:37+00:00\",\"dateModified\":\"2023-07-20T10:59:40+00:00\",\"breadcrumb\":{\"@id\":\"https:\/\/www.embalajesterra.com\/blog\/nivea-crea-un-nuevo-packaging-sostenible-para-su-gama-de-productos-faciales\/#breadcrumb\"},\"inLanguage\":\"es\",\"potentialAction\":[{\"@type\":\"ReadAction\",\"target\":[\"https:\/\/www.embalajesterra.com\/blog\/nivea-crea-un-nuevo-packaging-sostenible-para-su-gama-de-productos-faciales\/\"]}]},{\"@type\":\"ImageObject\",\"inLanguage\":\"es\",\"@id\":\"https:\/\/www.embalajesterra.com\/blog\/nivea-crea-un-nuevo-packaging-sostenible-para-su-gama-de-productos-faciales\/#primaryimage\",\"url\":\"https:\/\/www.embalajesterra.com\/blog\/wp-content\/uploads\/2021\/05\/1200X628-2.jpg\",\"contentUrl\":\"https:\/\/www.embalajesterra.com\/blog\/wp-content\/uploads\/2021\/05\/1200X628-2.jpg\",\"width\":1131,\"height\":628},{\"@type\":\"BreadcrumbList\",\"@id\":\"https:\/\/www.embalajesterra.com\/blog\/nivea-crea-un-nuevo-packaging-sostenible-para-su-gama-de-productos-faciales\/#breadcrumb\",\"itemListElement\":[{\"@type\":\"ListItem\",\"position\":1,\"name\":\"Portada\",\"item\":\"https:\/\/www.embalajesterra.com\/blog\/\"},{\"@type\":\"ListItem\",\"position\":2,\"name\":\"Nivea crea un nuevo packaging sostenible para su gama de productos faciales\"}]},{\"@type\":\"WebSite\",\"@id\":\"https:\/\/www.embalajesterra.com\/blog\/#website\",\"url\":\"https:\/\/www.embalajesterra.com\/blog\/\",\"name\":\"Blog de Embalajes Terra\",\"description\":\"\",\"publisher\":{\"@id\":\"https:\/\/www.embalajesterra.com\/blog\/#organization\"},\"potentialAction\":[{\"@type\":\"SearchAction\",\"target\":{\"@type\":\"EntryPoint\",\"urlTemplate\":\"https:\/\/www.embalajesterra.com\/blog\/?s={search_term_string}\"},\"query-input\":{\"@type\":\"PropertyValueSpecification\",\"valueRequired\":true,\"valueName\":\"search_term_string\"}}],\"inLanguage\":\"es\"},{\"@type\":\"Organization\",\"@id\":\"https:\/\/www.embalajesterra.com\/blog\/#organization\",\"name\":\"Embalajes Terra\",\"url\":\"https:\/\/www.embalajesterra.com\/blog\/\",\"logo\":{\"@type\":\"ImageObject\",\"inLanguage\":\"es\",\"@id\":\"https:\/\/www.embalajesterra.com\/blog\/#\/schema\/logo\/image\/\",\"url\":\"https:\/\/www.embalajesterra.com\/blog\/wp-content\/uploads\/2021\/09\/cropped-LogoET3_prestashop1-3.jpg\",\"contentUrl\":\"https:\/\/www.embalajesterra.com\/blog\/wp-content\/uploads\/2021\/09\/cropped-LogoET3_prestashop1-3.jpg\",\"width\":200,\"height\":40,\"caption\":\"Embalajes Terra\"},\"image\":{\"@id\":\"https:\/\/www.embalajesterra.com\/blog\/#\/schema\/logo\/image\/\"},\"sameAs\":[\"https:\/\/www.facebook.com\/embalajesterra\/\",\"https:\/\/x.com\/embalajes_terra\",\"https:\/\/es.pinterest.com\/embalajest\/\",\"https:\/\/www.youtube.com\/channel\/UCS8O3-PMQQIQBsy5lKQkMxQ\"]},{\"@type\":\"Person\",\"@id\":\"https:\/\/www.embalajesterra.com\/blog\/#\/schema\/person\/f8e436d8a820c031fb4ef7b48c71270f\",\"name\":\"Embalajes Terra\",\"image\":{\"@type\":\"ImageObject\",\"inLanguage\":\"es\",\"@id\":\"https:\/\/www.embalajesterra.com\/blog\/#\/schema\/person\/image\/\",\"url\":\"https:\/\/secure.gravatar.com\/avatar\/e9ea62dd671c8fa42a1cb8ec9fdf623c8d0b60d99c1f3e56033bc57479168344?s=96&d=mm&r=g\",\"contentUrl\":\"https:\/\/secure.gravatar.com\/avatar\/e9ea62dd671c8fa42a1cb8ec9fdf623c8d0b60d99c1f3e56033bc57479168344?s=96&d=mm&r=g\",\"caption\":\"Embalajes Terra\"}}]}<\/script>\n<!-- \/ Yoast SEO plugin. -->","yoast_head_json":{"title":"Nivea crea un nuevo packaging sostenible para su gama de productos faciales","robots":{"index":"index","follow":"follow","max-snippet":"max-snippet:-1","max-image-preview":"max-image-preview:large","max-video-preview":"max-video-preview:-1"},"canonical":"https:\/\/www.embalajesterra.com\/blog\/nivea-crea-un-nuevo-packaging-sostenible-para-su-gama-de-productos-faciales\/","og_locale":"es_ES","og_type":"article","og_title":"Nivea crea un nuevo packaging sostenible para su gama de productos faciales","og_description":"La conocida marca cosm\u00e9tica Suiza de Beiersdorf renueva el packaging de su gama de productos Nivea para el cuidado facial, creando un nuevo packaging sostenible. En junio de este a\u00f1o...","og_url":"https:\/\/www.embalajesterra.com\/blog\/nivea-crea-un-nuevo-packaging-sostenible-para-su-gama-de-productos-faciales\/","og_site_name":"Blog de Embalajes Terra","article_publisher":"https:\/\/www.facebook.com\/embalajesterra\/","article_published_time":"2021-05-10T08:38:37+00:00","article_modified_time":"2023-07-20T10:59:40+00:00","og_image":[{"width":1131,"height":628,"url":"https:\/\/www.embalajesterra.com\/blog\/wp-content\/uploads\/2021\/05\/1200X628-2.jpg","type":"image\/jpeg"}],"author":"Embalajes Terra","twitter_card":"summary_large_image","twitter_creator":"@embalajes_terra","twitter_site":"@embalajes_terra","twitter_misc":{"Escrito por":"Embalajes Terra","Tiempo de lectura":"2 minutos"},"schema":{"@context":"https:\/\/schema.org","@graph":[{"@type":"Article","@id":"https:\/\/www.embalajesterra.com\/blog\/nivea-crea-un-nuevo-packaging-sostenible-para-su-gama-de-productos-faciales\/#article","isPartOf":{"@id":"https:\/\/www.embalajesterra.com\/blog\/nivea-crea-un-nuevo-packaging-sostenible-para-su-gama-de-productos-faciales\/"},"author":{"name":"Embalajes Terra","@id":"https:\/\/www.embalajesterra.com\/blog\/#\/schema\/person\/f8e436d8a820c031fb4ef7b48c71270f"},"headline":"Nivea crea un nuevo packaging sostenible para su gama de productos faciales","datePublished":"2021-05-10T08:38:37+00:00","dateModified":"2023-07-20T10:59:40+00:00","mainEntityOfPage":{"@id":"https:\/\/www.embalajesterra.com\/blog\/nivea-crea-un-nuevo-packaging-sostenible-para-su-gama-de-productos-faciales\/"},"wordCount":206,"commentCount":0,"publisher":{"@id":"https:\/\/www.embalajesterra.com\/blog\/#organization"},"image":{"@id":"https:\/\/www.embalajesterra.com\/blog\/nivea-crea-un-nuevo-packaging-sostenible-para-su-gama-de-productos-faciales\/#primaryimage"},"thumbnailUrl":"https:\/\/www.embalajesterra.com\/blog\/wp-content\/uploads\/2021\/05\/1200X628-2.jpg","articleSection":["Noticias Actualidad"],"inLanguage":"es","potentialAction":[{"@type":"CommentAction","name":"Comment","target":["https:\/\/www.embalajesterra.com\/blog\/nivea-crea-un-nuevo-packaging-sostenible-para-su-gama-de-productos-faciales\/#respond"]}]},{"@type":"WebPage","@id":"https:\/\/www.embalajesterra.com\/blog\/nivea-crea-un-nuevo-packaging-sostenible-para-su-gama-de-productos-faciales\/","url":"https:\/\/www.embalajesterra.com\/blog\/nivea-crea-un-nuevo-packaging-sostenible-para-su-gama-de-productos-faciales\/","name":"Nivea crea un nuevo packaging sostenible para su gama de productos faciales","isPartOf":{"@id":"https:\/\/www.embalajesterra.com\/blog\/#website"},"primaryImageOfPage":{"@id":"https:\/\/www.embalajesterra.com\/blog\/nivea-crea-un-nuevo-packaging-sostenible-para-su-gama-de-productos-faciales\/#primaryimage"},"image":{"@id":"https:\/\/www.embalajesterra.com\/blog\/nivea-crea-un-nuevo-packaging-sostenible-para-su-gama-de-productos-faciales\/#primaryimage"},"thumbnailUrl":"https:\/\/www.embalajesterra.com\/blog\/wp-content\/uploads\/2021\/05\/1200X628-2.jpg","datePublished":"2021-05-10T08:38:37+00:00","dateModified":"2023-07-20T10:59:40+00:00","breadcrumb":{"@id":"https:\/\/www.embalajesterra.com\/blog\/nivea-crea-un-nuevo-packaging-sostenible-para-su-gama-de-productos-faciales\/#breadcrumb"},"inLanguage":"es","potentialAction":[{"@type":"ReadAction","target":["https:\/\/www.embalajesterra.com\/blog\/nivea-crea-un-nuevo-packaging-sostenible-para-su-gama-de-productos-faciales\/"]}]},{"@type":"ImageObject","inLanguage":"es","@id":"https:\/\/www.embalajesterra.com\/blog\/nivea-crea-un-nuevo-packaging-sostenible-para-su-gama-de-productos-faciales\/#primaryimage","url":"https:\/\/www.embalajesterra.com\/blog\/wp-content\/uploads\/2021\/05\/1200X628-2.jpg","contentUrl":"https:\/\/www.embalajesterra.com\/blog\/wp-content\/uploads\/2021\/05\/1200X628-2.jpg","width":1131,"height":628},{"@type":"BreadcrumbList","@id":"https:\/\/www.embalajesterra.com\/blog\/nivea-crea-un-nuevo-packaging-sostenible-para-su-gama-de-productos-faciales\/#breadcrumb","itemListElement":[{"@type":"ListItem","position":1,"name":"Portada","item":"https:\/\/www.embalajesterra.com\/blog\/"},{"@type":"ListItem","position":2,"name":"Nivea crea un nuevo packaging sostenible para su gama de productos faciales"}]},{"@type":"WebSite","@id":"https:\/\/www.embalajesterra.com\/blog\/#website","url":"https:\/\/www.embalajesterra.com\/blog\/","name":"Blog de Embalajes Terra","description":"","publisher":{"@id":"https:\/\/www.embalajesterra.com\/blog\/#organization"},"potentialAction":[{"@type":"SearchAction","target":{"@type":"EntryPoint","urlTemplate":"https:\/\/www.embalajesterra.com\/blog\/?s={search_term_string}"},"query-input":{"@type":"PropertyValueSpecification","valueRequired":true,"valueName":"search_term_string"}}],"inLanguage":"es"},{"@type":"Organization","@id":"https:\/\/www.embalajesterra.com\/blog\/#organization","name":"Embalajes Terra","url":"https:\/\/www.embalajesterra.com\/blog\/","logo":{"@type":"ImageObject","inLanguage":"es","@id":"https:\/\/www.embalajesterra.com\/blog\/#\/schema\/logo\/image\/","url":"https:\/\/www.embalajesterra.com\/blog\/wp-content\/uploads\/2021\/09\/cropped-LogoET3_prestashop1-3.jpg","contentUrl":"https:\/\/www.embalajesterra.com\/blog\/wp-content\/uploads\/2021\/09\/cropped-LogoET3_prestashop1-3.jpg","width":200,"height":40,"caption":"Embalajes Terra"},"image":{"@id":"https:\/\/www.embalajesterra.com\/blog\/#\/schema\/logo\/image\/"},"sameAs":["https:\/\/www.facebook.com\/embalajesterra\/","https:\/\/x.com\/embalajes_terra","https:\/\/es.pinterest.com\/embalajest\/","https:\/\/www.youtube.com\/channel\/UCS8O3-PMQQIQBsy5lKQkMxQ"]},{"@type":"Person","@id":"https:\/\/www.embalajesterra.com\/blog\/#\/schema\/person\/f8e436d8a820c031fb4ef7b48c71270f","name":"Embalajes Terra","image":{"@type":"ImageObject","inLanguage":"es","@id":"https:\/\/www.embalajesterra.com\/blog\/#\/schema\/person\/image\/","url":"https:\/\/secure.gravatar.com\/avatar\/e9ea62dd671c8fa42a1cb8ec9fdf623c8d0b60d99c1f3e56033bc57479168344?s=96&d=mm&r=g","contentUrl":"https:\/\/secure.gravatar.com\/avatar\/e9ea62dd671c8fa42a1cb8ec9fdf623c8d0b60d99c1f3e56033bc57479168344?s=96&d=mm&r=g","caption":"Embalajes Terra"}}]}},"_links":{"self":[{"href":"https:\/\/www.embalajesterra.com\/blog\/wp-json\/wp\/v2\/posts\/2483","targetHints":{"allow":["GET"]}}],"collection":[{"href":"https:\/\/www.embalajesterra.com\/blog\/wp-json\/wp\/v2\/posts"}],"about":[{"href":"https:\/\/www.embalajesterra.com\/blog\/wp-json\/wp\/v2\/types\/post"}],"author":[{"embeddable":true,"href":"https:\/\/www.embalajesterra.com\/blog\/wp-json\/wp\/v2\/users\/1"}],"replies":[{"embeddable":true,"href":"https:\/\/www.embalajesterra.com\/blog\/wp-json\/wp\/v2\/comments?post=2483"}],"version-history":[{"count":2,"href":"https:\/\/www.embalajesterra.com\/blog\/wp-json\/wp\/v2\/posts\/2483\/revisions"}],"predecessor-version":[{"id":2488,"href":"https:\/\/www.embalajesterra.com\/blog\/wp-json\/wp\/v2\/posts\/2483\/revisions\/2488"}],"wp:featuredmedia":[{"embeddable":true,"href":"https:\/\/www.embalajesterra.com\/blog\/wp-json\/wp\/v2\/media\/2492"}],"wp:attachment":[{"href":"https:\/\/www.embalajesterra.com\/blog\/wp-json\/wp\/v2\/media?parent=2483"}],"wp:term":[{"taxonomy":"category","embeddable":true,"href":"https:\/\/www.embalajesterra.com\/blog\/wp-json\/wp\/v2\/categories?post=2483"},{"taxonomy":"post_tag","embeddable":true,"href":"https:\/\/www.embalajesterra.com\/blog\/wp-json\/wp\/v2\/tags?post=2483"}],"curies":[{"name":"wp","href":"https:\/\/api.w.org\/{rel}","templated":true}]}}