{"id":3168,"date":"2021-09-20T18:30:34","date_gmt":"2021-09-20T16:30:34","guid":{"rendered":"https:\/\/www.embalajesterra.com\/blog\/?p=3168"},"modified":"2021-09-20T18:31:22","modified_gmt":"2021-09-20T16:31:22","slug":"el-nuevo-reto-sostenible-de-los-envases-plasticos-lograr-el-30-de-reciclado-antes-del-ano-2030","status":"publish","type":"post","link":"https:\/\/www.embalajesterra.com\/blog\/el-nuevo-reto-sostenible-de-los-envases-plasticos-lograr-el-30-de-reciclado-antes-del-ano-2030\/","title":{"rendered":"El nuevo reto sostenible de los envases pl\u00e1sticos, lograr el 30% de reciclado antes del a\u00f1o 2030."},"content":{"rendered":"\n<p>Los envases tienen un nuevo reto por delante antes del a\u00f1o 2030,  lograr un 30% de envases pl\u00e1sticos reciclados.<\/p>\n\n\n\n<p>Para conseguirlo ya hay muchas iniciativas que tanto consumidores como fabricantes deben comenzar a poner en pr\u00e1ctica.<\/p>\n\n\n\n<p>La Asociaci\u00f3n de Panaeuropea de productores de materias primas pl\u00e1sticas, PlasticsEurope tienen por meta reducir, as\u00ed como evitar el uso de envases y residuos de envases pl\u00e1sticos.<\/p>\n\n\n\n<p>El futuro de nuestros envases y embalajes est\u00e1 en la econom\u00eda circular, as\u00ed como en el correcto reciclaje de los mismos y la sustituci\u00f3n por materiales biodegradables.<\/p>\n\n\n\n<p>PlasticsEurope est\u00e1 continuamente invirtiendo en tecnolog\u00eda e innovaci\u00f3n, para as\u00ed poder mejorar el reciclaje qu\u00edmico y ofrecer nuevas soluciones en envasado.<\/p>\n\n\n\n<p>Seg\u00fan Markus Steilemann, presidente de PLasticsEurope, la econom\u00eda circular es algo a adoptar por todos nosotros, as\u00ed como la conservaci\u00f3n de los recursos y protecci\u00f3n medioambiental.<\/p>\n\n\n\n<p>Es muy importante ofrecer materiales reciclados y regulados para nuestros envases, promover la circularidad de los envases y reforzar el Pacto Verde Europeo.<\/p>\n\n\n\n<p>Este nuevo reto forma parte de todos, siendo nuestra misi\u00f3n concienciar y aumentar el reciclaje qu\u00edmico y mec\u00e1nico, adem\u00e1s de realizar una inversi\u00f3n mayor en infraestructuras y tecnolog\u00edas enfocadas al reciclaje.<\/p>\n\n\n\n<p>La Circular Plastics Alliance de la Comisi\u00f3n Europea, formada por 290 miembros, est\u00e1 continuamente esfroz\u00e1ndose para lograr los  objetivos en sostenibilidad.<\/p>\n\n\n\n<p>Actualmente trabajan para crear 10 millones de toneladas de pl\u00e1sticos reciclados disponibles antes del 2025 para la fabricaci\u00f3n de nuevos envases.<\/p>\n","protected":false},"excerpt":{"rendered":"<p>Los envases tienen un nuevo reto por delante antes del a\u00f1o 2030, lograr un 30% de envases pl\u00e1sticos reciclados. Para conseguirlo ya hay muchas iniciativas que tanto consumidores como fabricantes&#8230;<\/p>\n","protected":false},"author":1,"featured_media":3170,"comment_status":"open","ping_status":"open","sticky":false,"template":"","format":"standard","meta":{"_monsterinsights_skip_tracking":false,"_monsterinsights_sitenote_active":false,"_monsterinsights_sitenote_note":"","_monsterinsights_sitenote_category":0,"footnotes":""},"categories":[164],"tags":[],"class_list":["post-3168","post","type-post","status-publish","format-standard","has-post-thumbnail","hentry","category-embalajes-terra"],"yoast_head":"<!-- This site is optimized with the Yoast SEO plugin v25.1 - https:\/\/yoast.com\/wordpress\/plugins\/seo\/ -->\n<title>El nuevo reto sostenible de los envases pl\u00e1sticos, lograr el 30% de reciclado antes del a\u00f1o 2030.<\/title>\n<meta name=\"robots\" content=\"index, follow, max-snippet:-1, max-image-preview:large, max-video-preview:-1\" \/>\n<link rel=\"canonical\" href=\"https:\/\/www.embalajesterra.com\/blog\/el-nuevo-reto-sostenible-de-los-envases-plasticos-lograr-el-30-de-reciclado-antes-del-ano-2030\/\" \/>\n<meta property=\"og:locale\" content=\"es_ES\" \/>\n<meta property=\"og:type\" content=\"article\" \/>\n<meta property=\"og:title\" content=\"El nuevo reto sostenible de los envases pl\u00e1sticos, lograr el 30% de reciclado antes del a\u00f1o 2030.\" \/>\n<meta property=\"og:description\" content=\"Los envases tienen un nuevo reto por delante antes del a\u00f1o 2030, lograr un 30% de envases pl\u00e1sticos reciclados. Para conseguirlo ya hay muchas iniciativas que tanto consumidores como fabricantes...\" \/>\n<meta property=\"og:url\" content=\"https:\/\/www.embalajesterra.com\/blog\/el-nuevo-reto-sostenible-de-los-envases-plasticos-lograr-el-30-de-reciclado-antes-del-ano-2030\/\" \/>\n<meta property=\"og:site_name\" content=\"Blog de Embalajes Terra\" \/>\n<meta property=\"article:publisher\" content=\"https:\/\/www.facebook.com\/embalajesterra\/\" \/>\n<meta property=\"article:published_time\" content=\"2021-09-20T16:30:34+00:00\" \/>\n<meta property=\"article:modified_time\" content=\"2021-09-20T16:31:22+00:00\" \/>\n<meta property=\"og:image\" content=\"https:\/\/www.embalajesterra.com\/blog\/wp-content\/uploads\/2021\/09\/plastic-waste-3962409_960_720.jpg\" \/>\n\t<meta property=\"og:image:width\" content=\"960\" \/>\n\t<meta property=\"og:image:height\" content=\"640\" \/>\n\t<meta property=\"og:image:type\" content=\"image\/jpeg\" \/>\n<meta name=\"author\" content=\"Embalajes Terra\" \/>\n<meta name=\"twitter:card\" content=\"summary_large_image\" \/>\n<meta name=\"twitter:creator\" content=\"@embalajes_terra\" \/>\n<meta name=\"twitter:site\" content=\"@embalajes_terra\" \/>\n<meta name=\"twitter:label1\" content=\"Escrito por\" \/>\n\t<meta name=\"twitter:data1\" content=\"Embalajes Terra\" \/>\n\t<meta name=\"twitter:label2\" content=\"Tiempo de lectura\" \/>\n\t<meta name=\"twitter:data2\" content=\"2 minutos\" \/>\n<script type=\"application\/ld+json\" class=\"yoast-schema-graph\">{\"@context\":\"https:\/\/schema.org\",\"@graph\":[{\"@type\":\"Article\",\"@id\":\"https:\/\/www.embalajesterra.com\/blog\/el-nuevo-reto-sostenible-de-los-envases-plasticos-lograr-el-30-de-reciclado-antes-del-ano-2030\/#article\",\"isPartOf\":{\"@id\":\"https:\/\/www.embalajesterra.com\/blog\/el-nuevo-reto-sostenible-de-los-envases-plasticos-lograr-el-30-de-reciclado-antes-del-ano-2030\/\"},\"author\":{\"name\":\"Embalajes Terra\",\"@id\":\"https:\/\/www.embalajesterra.com\/blog\/#\/schema\/person\/f8e436d8a820c031fb4ef7b48c71270f\"},\"headline\":\"El nuevo reto sostenible de los envases pl\u00e1sticos, lograr el 30% de reciclado antes del a\u00f1o 2030.\",\"datePublished\":\"2021-09-20T16:30:34+00:00\",\"dateModified\":\"2021-09-20T16:31:22+00:00\",\"mainEntityOfPage\":{\"@id\":\"https:\/\/www.embalajesterra.com\/blog\/el-nuevo-reto-sostenible-de-los-envases-plasticos-lograr-el-30-de-reciclado-antes-del-ano-2030\/\"},\"wordCount\":270,\"commentCount\":0,\"publisher\":{\"@id\":\"https:\/\/www.embalajesterra.com\/blog\/#organization\"},\"image\":{\"@id\":\"https:\/\/www.embalajesterra.com\/blog\/el-nuevo-reto-sostenible-de-los-envases-plasticos-lograr-el-30-de-reciclado-antes-del-ano-2030\/#primaryimage\"},\"thumbnailUrl\":\"https:\/\/www.embalajesterra.com\/blog\/wp-content\/uploads\/2021\/09\/plastic-waste-3962409_960_720.jpg\",\"articleSection\":[\"Embalajes Terra\"],\"inLanguage\":\"es\",\"potentialAction\":[{\"@type\":\"CommentAction\",\"name\":\"Comment\",\"target\":[\"https:\/\/www.embalajesterra.com\/blog\/el-nuevo-reto-sostenible-de-los-envases-plasticos-lograr-el-30-de-reciclado-antes-del-ano-2030\/#respond\"]}]},{\"@type\":\"WebPage\",\"@id\":\"https:\/\/www.embalajesterra.com\/blog\/el-nuevo-reto-sostenible-de-los-envases-plasticos-lograr-el-30-de-reciclado-antes-del-ano-2030\/\",\"url\":\"https:\/\/www.embalajesterra.com\/blog\/el-nuevo-reto-sostenible-de-los-envases-plasticos-lograr-el-30-de-reciclado-antes-del-ano-2030\/\",\"name\":\"El nuevo reto sostenible de los envases pl\u00e1sticos, lograr el 30% de reciclado antes del a\u00f1o 2030.\",\"isPartOf\":{\"@id\":\"https:\/\/www.embalajesterra.com\/blog\/#website\"},\"primaryImageOfPage\":{\"@id\":\"https:\/\/www.embalajesterra.com\/blog\/el-nuevo-reto-sostenible-de-los-envases-plasticos-lograr-el-30-de-reciclado-antes-del-ano-2030\/#primaryimage\"},\"image\":{\"@id\":\"https:\/\/www.embalajesterra.com\/blog\/el-nuevo-reto-sostenible-de-los-envases-plasticos-lograr-el-30-de-reciclado-antes-del-ano-2030\/#primaryimage\"},\"thumbnailUrl\":\"https:\/\/www.embalajesterra.com\/blog\/wp-content\/uploads\/2021\/09\/plastic-waste-3962409_960_720.jpg\",\"datePublished\":\"2021-09-20T16:30:34+00:00\",\"dateModified\":\"2021-09-20T16:31:22+00:00\",\"breadcrumb\":{\"@id\":\"https:\/\/www.embalajesterra.com\/blog\/el-nuevo-reto-sostenible-de-los-envases-plasticos-lograr-el-30-de-reciclado-antes-del-ano-2030\/#breadcrumb\"},\"inLanguage\":\"es\",\"potentialAction\":[{\"@type\":\"ReadAction\",\"target\":[\"https:\/\/www.embalajesterra.com\/blog\/el-nuevo-reto-sostenible-de-los-envases-plasticos-lograr-el-30-de-reciclado-antes-del-ano-2030\/\"]}]},{\"@type\":\"ImageObject\",\"inLanguage\":\"es\",\"@id\":\"https:\/\/www.embalajesterra.com\/blog\/el-nuevo-reto-sostenible-de-los-envases-plasticos-lograr-el-30-de-reciclado-antes-del-ano-2030\/#primaryimage\",\"url\":\"https:\/\/www.embalajesterra.com\/blog\/wp-content\/uploads\/2021\/09\/plastic-waste-3962409_960_720.jpg\",\"contentUrl\":\"https:\/\/www.embalajesterra.com\/blog\/wp-content\/uploads\/2021\/09\/plastic-waste-3962409_960_720.jpg\",\"width\":960,\"height\":640},{\"@type\":\"BreadcrumbList\",\"@id\":\"https:\/\/www.embalajesterra.com\/blog\/el-nuevo-reto-sostenible-de-los-envases-plasticos-lograr-el-30-de-reciclado-antes-del-ano-2030\/#breadcrumb\",\"itemListElement\":[{\"@type\":\"ListItem\",\"position\":1,\"name\":\"Portada\",\"item\":\"https:\/\/www.embalajesterra.com\/blog\/\"},{\"@type\":\"ListItem\",\"position\":2,\"name\":\"El nuevo reto sostenible de los envases pl\u00e1sticos, lograr el 30% de reciclado antes del a\u00f1o 2030.\"}]},{\"@type\":\"WebSite\",\"@id\":\"https:\/\/www.embalajesterra.com\/blog\/#website\",\"url\":\"https:\/\/www.embalajesterra.com\/blog\/\",\"name\":\"Blog de Embalajes Terra\",\"description\":\"\",\"publisher\":{\"@id\":\"https:\/\/www.embalajesterra.com\/blog\/#organization\"},\"potentialAction\":[{\"@type\":\"SearchAction\",\"target\":{\"@type\":\"EntryPoint\",\"urlTemplate\":\"https:\/\/www.embalajesterra.com\/blog\/?s={search_term_string}\"},\"query-input\":{\"@type\":\"PropertyValueSpecification\",\"valueRequired\":true,\"valueName\":\"search_term_string\"}}],\"inLanguage\":\"es\"},{\"@type\":\"Organization\",\"@id\":\"https:\/\/www.embalajesterra.com\/blog\/#organization\",\"name\":\"Embalajes Terra\",\"url\":\"https:\/\/www.embalajesterra.com\/blog\/\",\"logo\":{\"@type\":\"ImageObject\",\"inLanguage\":\"es\",\"@id\":\"https:\/\/www.embalajesterra.com\/blog\/#\/schema\/logo\/image\/\",\"url\":\"https:\/\/www.embalajesterra.com\/blog\/wp-content\/uploads\/2021\/09\/cropped-LogoET3_prestashop1-3.jpg\",\"contentUrl\":\"https:\/\/www.embalajesterra.com\/blog\/wp-content\/uploads\/2021\/09\/cropped-LogoET3_prestashop1-3.jpg\",\"width\":200,\"height\":40,\"caption\":\"Embalajes Terra\"},\"image\":{\"@id\":\"https:\/\/www.embalajesterra.com\/blog\/#\/schema\/logo\/image\/\"},\"sameAs\":[\"https:\/\/www.facebook.com\/embalajesterra\/\",\"https:\/\/x.com\/embalajes_terra\",\"https:\/\/es.pinterest.com\/embalajest\/\",\"https:\/\/www.youtube.com\/channel\/UCS8O3-PMQQIQBsy5lKQkMxQ\"]},{\"@type\":\"Person\",\"@id\":\"https:\/\/www.embalajesterra.com\/blog\/#\/schema\/person\/f8e436d8a820c031fb4ef7b48c71270f\",\"name\":\"Embalajes Terra\",\"image\":{\"@type\":\"ImageObject\",\"inLanguage\":\"es\",\"@id\":\"https:\/\/www.embalajesterra.com\/blog\/#\/schema\/person\/image\/\",\"url\":\"https:\/\/secure.gravatar.com\/avatar\/e9ea62dd671c8fa42a1cb8ec9fdf623c8d0b60d99c1f3e56033bc57479168344?s=96&d=mm&r=g\",\"contentUrl\":\"https:\/\/secure.gravatar.com\/avatar\/e9ea62dd671c8fa42a1cb8ec9fdf623c8d0b60d99c1f3e56033bc57479168344?s=96&d=mm&r=g\",\"caption\":\"Embalajes Terra\"}}]}<\/script>\n<!-- \/ Yoast SEO plugin. -->","yoast_head_json":{"title":"El nuevo reto sostenible de los envases pl\u00e1sticos, lograr el 30% de reciclado antes del a\u00f1o 2030.","robots":{"index":"index","follow":"follow","max-snippet":"max-snippet:-1","max-image-preview":"max-image-preview:large","max-video-preview":"max-video-preview:-1"},"canonical":"https:\/\/www.embalajesterra.com\/blog\/el-nuevo-reto-sostenible-de-los-envases-plasticos-lograr-el-30-de-reciclado-antes-del-ano-2030\/","og_locale":"es_ES","og_type":"article","og_title":"El nuevo reto sostenible de los envases pl\u00e1sticos, lograr el 30% de reciclado antes del a\u00f1o 2030.","og_description":"Los envases tienen un nuevo reto por delante antes del a\u00f1o 2030, lograr un 30% de envases pl\u00e1sticos reciclados. Para conseguirlo ya hay muchas iniciativas que tanto consumidores como fabricantes...","og_url":"https:\/\/www.embalajesterra.com\/blog\/el-nuevo-reto-sostenible-de-los-envases-plasticos-lograr-el-30-de-reciclado-antes-del-ano-2030\/","og_site_name":"Blog de Embalajes Terra","article_publisher":"https:\/\/www.facebook.com\/embalajesterra\/","article_published_time":"2021-09-20T16:30:34+00:00","article_modified_time":"2021-09-20T16:31:22+00:00","og_image":[{"width":960,"height":640,"url":"https:\/\/www.embalajesterra.com\/blog\/wp-content\/uploads\/2021\/09\/plastic-waste-3962409_960_720.jpg","type":"image\/jpeg"}],"author":"Embalajes Terra","twitter_card":"summary_large_image","twitter_creator":"@embalajes_terra","twitter_site":"@embalajes_terra","twitter_misc":{"Escrito por":"Embalajes Terra","Tiempo de lectura":"2 minutos"},"schema":{"@context":"https:\/\/schema.org","@graph":[{"@type":"Article","@id":"https:\/\/www.embalajesterra.com\/blog\/el-nuevo-reto-sostenible-de-los-envases-plasticos-lograr-el-30-de-reciclado-antes-del-ano-2030\/#article","isPartOf":{"@id":"https:\/\/www.embalajesterra.com\/blog\/el-nuevo-reto-sostenible-de-los-envases-plasticos-lograr-el-30-de-reciclado-antes-del-ano-2030\/"},"author":{"name":"Embalajes Terra","@id":"https:\/\/www.embalajesterra.com\/blog\/#\/schema\/person\/f8e436d8a820c031fb4ef7b48c71270f"},"headline":"El nuevo reto sostenible de los envases pl\u00e1sticos, lograr el 30% de reciclado antes del a\u00f1o 2030.","datePublished":"2021-09-20T16:30:34+00:00","dateModified":"2021-09-20T16:31:22+00:00","mainEntityOfPage":{"@id":"https:\/\/www.embalajesterra.com\/blog\/el-nuevo-reto-sostenible-de-los-envases-plasticos-lograr-el-30-de-reciclado-antes-del-ano-2030\/"},"wordCount":270,"commentCount":0,"publisher":{"@id":"https:\/\/www.embalajesterra.com\/blog\/#organization"},"image":{"@id":"https:\/\/www.embalajesterra.com\/blog\/el-nuevo-reto-sostenible-de-los-envases-plasticos-lograr-el-30-de-reciclado-antes-del-ano-2030\/#primaryimage"},"thumbnailUrl":"https:\/\/www.embalajesterra.com\/blog\/wp-content\/uploads\/2021\/09\/plastic-waste-3962409_960_720.jpg","articleSection":["Embalajes Terra"],"inLanguage":"es","potentialAction":[{"@type":"CommentAction","name":"Comment","target":["https:\/\/www.embalajesterra.com\/blog\/el-nuevo-reto-sostenible-de-los-envases-plasticos-lograr-el-30-de-reciclado-antes-del-ano-2030\/#respond"]}]},{"@type":"WebPage","@id":"https:\/\/www.embalajesterra.com\/blog\/el-nuevo-reto-sostenible-de-los-envases-plasticos-lograr-el-30-de-reciclado-antes-del-ano-2030\/","url":"https:\/\/www.embalajesterra.com\/blog\/el-nuevo-reto-sostenible-de-los-envases-plasticos-lograr-el-30-de-reciclado-antes-del-ano-2030\/","name":"El nuevo reto sostenible de los envases pl\u00e1sticos, lograr el 30% de reciclado antes del a\u00f1o 2030.","isPartOf":{"@id":"https:\/\/www.embalajesterra.com\/blog\/#website"},"primaryImageOfPage":{"@id":"https:\/\/www.embalajesterra.com\/blog\/el-nuevo-reto-sostenible-de-los-envases-plasticos-lograr-el-30-de-reciclado-antes-del-ano-2030\/#primaryimage"},"image":{"@id":"https:\/\/www.embalajesterra.com\/blog\/el-nuevo-reto-sostenible-de-los-envases-plasticos-lograr-el-30-de-reciclado-antes-del-ano-2030\/#primaryimage"},"thumbnailUrl":"https:\/\/www.embalajesterra.com\/blog\/wp-content\/uploads\/2021\/09\/plastic-waste-3962409_960_720.jpg","datePublished":"2021-09-20T16:30:34+00:00","dateModified":"2021-09-20T16:31:22+00:00","breadcrumb":{"@id":"https:\/\/www.embalajesterra.com\/blog\/el-nuevo-reto-sostenible-de-los-envases-plasticos-lograr-el-30-de-reciclado-antes-del-ano-2030\/#breadcrumb"},"inLanguage":"es","potentialAction":[{"@type":"ReadAction","target":["https:\/\/www.embalajesterra.com\/blog\/el-nuevo-reto-sostenible-de-los-envases-plasticos-lograr-el-30-de-reciclado-antes-del-ano-2030\/"]}]},{"@type":"ImageObject","inLanguage":"es","@id":"https:\/\/www.embalajesterra.com\/blog\/el-nuevo-reto-sostenible-de-los-envases-plasticos-lograr-el-30-de-reciclado-antes-del-ano-2030\/#primaryimage","url":"https:\/\/www.embalajesterra.com\/blog\/wp-content\/uploads\/2021\/09\/plastic-waste-3962409_960_720.jpg","contentUrl":"https:\/\/www.embalajesterra.com\/blog\/wp-content\/uploads\/2021\/09\/plastic-waste-3962409_960_720.jpg","width":960,"height":640},{"@type":"BreadcrumbList","@id":"https:\/\/www.embalajesterra.com\/blog\/el-nuevo-reto-sostenible-de-los-envases-plasticos-lograr-el-30-de-reciclado-antes-del-ano-2030\/#breadcrumb","itemListElement":[{"@type":"ListItem","position":1,"name":"Portada","item":"https:\/\/www.embalajesterra.com\/blog\/"},{"@type":"ListItem","position":2,"name":"El nuevo reto sostenible de los envases pl\u00e1sticos, lograr el 30% de reciclado antes del a\u00f1o 2030."}]},{"@type":"WebSite","@id":"https:\/\/www.embalajesterra.com\/blog\/#website","url":"https:\/\/www.embalajesterra.com\/blog\/","name":"Blog de Embalajes Terra","description":"","publisher":{"@id":"https:\/\/www.embalajesterra.com\/blog\/#organization"},"potentialAction":[{"@type":"SearchAction","target":{"@type":"EntryPoint","urlTemplate":"https:\/\/www.embalajesterra.com\/blog\/?s={search_term_string}"},"query-input":{"@type":"PropertyValueSpecification","valueRequired":true,"valueName":"search_term_string"}}],"inLanguage":"es"},{"@type":"Organization","@id":"https:\/\/www.embalajesterra.com\/blog\/#organization","name":"Embalajes Terra","url":"https:\/\/www.embalajesterra.com\/blog\/","logo":{"@type":"ImageObject","inLanguage":"es","@id":"https:\/\/www.embalajesterra.com\/blog\/#\/schema\/logo\/image\/","url":"https:\/\/www.embalajesterra.com\/blog\/wp-content\/uploads\/2021\/09\/cropped-LogoET3_prestashop1-3.jpg","contentUrl":"https:\/\/www.embalajesterra.com\/blog\/wp-content\/uploads\/2021\/09\/cropped-LogoET3_prestashop1-3.jpg","width":200,"height":40,"caption":"Embalajes Terra"},"image":{"@id":"https:\/\/www.embalajesterra.com\/blog\/#\/schema\/logo\/image\/"},"sameAs":["https:\/\/www.facebook.com\/embalajesterra\/","https:\/\/x.com\/embalajes_terra","https:\/\/es.pinterest.com\/embalajest\/","https:\/\/www.youtube.com\/channel\/UCS8O3-PMQQIQBsy5lKQkMxQ"]},{"@type":"Person","@id":"https:\/\/www.embalajesterra.com\/blog\/#\/schema\/person\/f8e436d8a820c031fb4ef7b48c71270f","name":"Embalajes Terra","image":{"@type":"ImageObject","inLanguage":"es","@id":"https:\/\/www.embalajesterra.com\/blog\/#\/schema\/person\/image\/","url":"https:\/\/secure.gravatar.com\/avatar\/e9ea62dd671c8fa42a1cb8ec9fdf623c8d0b60d99c1f3e56033bc57479168344?s=96&d=mm&r=g","contentUrl":"https:\/\/secure.gravatar.com\/avatar\/e9ea62dd671c8fa42a1cb8ec9fdf623c8d0b60d99c1f3e56033bc57479168344?s=96&d=mm&r=g","caption":"Embalajes Terra"}}]}},"_links":{"self":[{"href":"https:\/\/www.embalajesterra.com\/blog\/wp-json\/wp\/v2\/posts\/3168","targetHints":{"allow":["GET"]}}],"collection":[{"href":"https:\/\/www.embalajesterra.com\/blog\/wp-json\/wp\/v2\/posts"}],"about":[{"href":"https:\/\/www.embalajesterra.com\/blog\/wp-json\/wp\/v2\/types\/post"}],"author":[{"embeddable":true,"href":"https:\/\/www.embalajesterra.com\/blog\/wp-json\/wp\/v2\/users\/1"}],"replies":[{"embeddable":true,"href":"https:\/\/www.embalajesterra.com\/blog\/wp-json\/wp\/v2\/comments?post=3168"}],"version-history":[{"count":1,"href":"https:\/\/www.embalajesterra.com\/blog\/wp-json\/wp\/v2\/posts\/3168\/revisions"}],"predecessor-version":[{"id":3169,"href":"https:\/\/www.embalajesterra.com\/blog\/wp-json\/wp\/v2\/posts\/3168\/revisions\/3169"}],"wp:featuredmedia":[{"embeddable":true,"href":"https:\/\/www.embalajesterra.com\/blog\/wp-json\/wp\/v2\/media\/3170"}],"wp:attachment":[{"href":"https:\/\/www.embalajesterra.com\/blog\/wp-json\/wp\/v2\/media?parent=3168"}],"wp:term":[{"taxonomy":"category","embeddable":true,"href":"https:\/\/www.embalajesterra.com\/blog\/wp-json\/wp\/v2\/categories?post=3168"},{"taxonomy":"post_tag","embeddable":true,"href":"https:\/\/www.embalajesterra.com\/blog\/wp-json\/wp\/v2\/tags?post=3168"}],"curies":[{"name":"wp","href":"https:\/\/api.w.org\/{rel}","templated":true}]}}