{"id":4840,"date":"2023-01-27T12:29:55","date_gmt":"2023-01-27T11:29:55","guid":{"rendered":"https:\/\/www.embalajesterra.com\/blog\/?p=4840"},"modified":"2023-07-20T12:37:07","modified_gmt":"2023-07-20T10:37:07","slug":"nestle-crea-un-nuevo-envase-reciclable-para-kitkat","status":"publish","type":"post","link":"https:\/\/www.embalajesterra.com\/blog\/nestle-crea-un-nuevo-envase-reciclable-para-kitkat\/","title":{"rendered":"Nestl\u00e9 crea un nuevo envase reciclable para KitKat"},"content":{"rendered":"\n<p>La conocida marca de alimentaci\u00f3n Nestl\u00e9 ha creado un nuevo envase de papel reciclable para su gama de productos KitKat.<\/p>\n\n\n\n<p>El nuevo envase de papel envasar\u00e1 algo m\u00e1s de un cuarto de mill\u00f3n de barras KitKat envueltas en papel en asociaci\u00f3n con la empresa Coles.<\/p>\n\n\n\n<p>Adem\u00e1s el envase dispone de un c\u00f3digo QR con el que poder opinar o poner una valoraci\u00f3n sobre el nuevo envoltorio.<\/p>\n\n\n\n<p>El papel ya ha sido probado por el Centro de Investigaci\u00f3n y Desarrollo de Confiter\u00eda de Nestl\u00e9 en Reino Unido.<\/p>\n\n\n\n<p>Supon\u00eda un gran reto el crear un envase que fuera apto para un producto suave y crujiente y que adem\u00e1s fuera reciclable.<\/p>\n\n\n\n<p>El envase piloto es otro de los retos en el objetivo de Nestl\u00e9 de logar un envase sostenible para sus productos.<\/p>\n\n\n\n<p>Cumpliendo con el compromiso de reducir el uso de pl\u00e1stico v\u00edrgen en al menos un tercio para el a\u00f1o 2025.<\/p>\n\n\n\n<p>En ese prop\u00f3sito se incluye reducir el uso de pl\u00e1sticos, utilizar pl\u00e1sticos reciclados y crear nuevos envases alternativos al pl\u00e1stico.<\/p>\n\n\n\n<p>Otro de sus productos cuyo envase ha mejorado en cuanto a sostenibilidad es Smarties, utilizando un envase de papel reciclable.<\/p>\n\n\n\n<p>La directora del centro de tecnolog\u00eda para productos de confiter\u00eda de Nestl\u00e9, Louise Barrett asegura que se est\u00e1n buscando nuevas soluciones con las que eliminar y reducir los pl\u00e1sticos.<\/p>\n\n\n\n<p>Aunque supone un gran desaf\u00edo, es todo un avance en sostenibilidad, aunque en pruebas, se espera que se implemente en toda su gama de productos.<\/p>\n","protected":false},"excerpt":{"rendered":"<p>La conocida marca de alimentaci\u00f3n Nestl\u00e9 ha creado un nuevo envase de papel reciclable para su gama de productos KitKat. El nuevo envase de papel envasar\u00e1 algo m\u00e1s de un&#8230;<\/p>\n","protected":false},"author":1,"featured_media":4841,"comment_status":"open","ping_status":"open","sticky":false,"template":"","format":"standard","meta":{"_monsterinsights_skip_tracking":false,"_monsterinsights_sitenote_active":false,"_monsterinsights_sitenote_note":"","_monsterinsights_sitenote_category":0,"footnotes":""},"categories":[173],"tags":[],"class_list":["post-4840","post","type-post","status-publish","format-standard","has-post-thumbnail","hentry","category-noticias-actualidad"],"yoast_head":"<!-- This site is optimized with the Yoast SEO plugin v25.1 - https:\/\/yoast.com\/wordpress\/plugins\/seo\/ -->\n<title>Nestl\u00e9 crea un nuevo envase reciclable para KitKat<\/title>\n<meta name=\"robots\" content=\"index, follow, max-snippet:-1, max-image-preview:large, max-video-preview:-1\" \/>\n<link rel=\"canonical\" href=\"https:\/\/www.embalajesterra.com\/blog\/nestle-crea-un-nuevo-envase-reciclable-para-kitkat\/\" \/>\n<meta property=\"og:locale\" content=\"es_ES\" \/>\n<meta property=\"og:type\" content=\"article\" \/>\n<meta property=\"og:title\" content=\"Nestl\u00e9 crea un nuevo envase reciclable para KitKat\" \/>\n<meta property=\"og:description\" content=\"La conocida marca de alimentaci\u00f3n Nestl\u00e9 ha creado un nuevo envase de papel reciclable para su gama de productos KitKat. El nuevo envase de papel envasar\u00e1 algo m\u00e1s de un...\" \/>\n<meta property=\"og:url\" content=\"https:\/\/www.embalajesterra.com\/blog\/nestle-crea-un-nuevo-envase-reciclable-para-kitkat\/\" \/>\n<meta property=\"og:site_name\" content=\"Blog de Embalajes Terra\" \/>\n<meta property=\"article:publisher\" content=\"https:\/\/www.facebook.com\/embalajesterra\/\" \/>\n<meta property=\"article:published_time\" content=\"2023-01-27T11:29:55+00:00\" \/>\n<meta property=\"article:modified_time\" content=\"2023-07-20T10:37:07+00:00\" \/>\n<meta property=\"og:image\" content=\"https:\/\/www.embalajesterra.com\/blog\/wp-content\/uploads\/2023\/01\/KIT-KAT-SABIAS-QUE-2.jpg\" \/>\n\t<meta property=\"og:image:width\" content=\"1280\" \/>\n\t<meta property=\"og:image:height\" content=\"640\" \/>\n\t<meta property=\"og:image:type\" content=\"image\/jpeg\" \/>\n<meta name=\"author\" content=\"Embalajes Terra\" \/>\n<meta name=\"twitter:card\" content=\"summary_large_image\" \/>\n<meta name=\"twitter:creator\" content=\"@embalajes_terra\" \/>\n<meta name=\"twitter:site\" content=\"@embalajes_terra\" \/>\n<meta name=\"twitter:label1\" content=\"Escrito por\" \/>\n\t<meta name=\"twitter:data1\" content=\"Embalajes Terra\" \/>\n\t<meta name=\"twitter:label2\" content=\"Tiempo de lectura\" \/>\n\t<meta name=\"twitter:data2\" content=\"2 minutos\" \/>\n<script type=\"application\/ld+json\" class=\"yoast-schema-graph\">{\"@context\":\"https:\/\/schema.org\",\"@graph\":[{\"@type\":\"Article\",\"@id\":\"https:\/\/www.embalajesterra.com\/blog\/nestle-crea-un-nuevo-envase-reciclable-para-kitkat\/#article\",\"isPartOf\":{\"@id\":\"https:\/\/www.embalajesterra.com\/blog\/nestle-crea-un-nuevo-envase-reciclable-para-kitkat\/\"},\"author\":{\"name\":\"Embalajes Terra\",\"@id\":\"https:\/\/www.embalajesterra.com\/blog\/#\/schema\/person\/f8e436d8a820c031fb4ef7b48c71270f\"},\"headline\":\"Nestl\u00e9 crea un nuevo envase reciclable para KitKat\",\"datePublished\":\"2023-01-27T11:29:55+00:00\",\"dateModified\":\"2023-07-20T10:37:07+00:00\",\"mainEntityOfPage\":{\"@id\":\"https:\/\/www.embalajesterra.com\/blog\/nestle-crea-un-nuevo-envase-reciclable-para-kitkat\/\"},\"wordCount\":273,\"commentCount\":0,\"publisher\":{\"@id\":\"https:\/\/www.embalajesterra.com\/blog\/#organization\"},\"image\":{\"@id\":\"https:\/\/www.embalajesterra.com\/blog\/nestle-crea-un-nuevo-envase-reciclable-para-kitkat\/#primaryimage\"},\"thumbnailUrl\":\"https:\/\/www.embalajesterra.com\/blog\/wp-content\/uploads\/2023\/01\/KIT-KAT-SABIAS-QUE-2.jpg\",\"articleSection\":[\"Noticias Actualidad\"],\"inLanguage\":\"es\",\"potentialAction\":[{\"@type\":\"CommentAction\",\"name\":\"Comment\",\"target\":[\"https:\/\/www.embalajesterra.com\/blog\/nestle-crea-un-nuevo-envase-reciclable-para-kitkat\/#respond\"]}]},{\"@type\":\"WebPage\",\"@id\":\"https:\/\/www.embalajesterra.com\/blog\/nestle-crea-un-nuevo-envase-reciclable-para-kitkat\/\",\"url\":\"https:\/\/www.embalajesterra.com\/blog\/nestle-crea-un-nuevo-envase-reciclable-para-kitkat\/\",\"name\":\"Nestl\u00e9 crea un nuevo envase reciclable para KitKat\",\"isPartOf\":{\"@id\":\"https:\/\/www.embalajesterra.com\/blog\/#website\"},\"primaryImageOfPage\":{\"@id\":\"https:\/\/www.embalajesterra.com\/blog\/nestle-crea-un-nuevo-envase-reciclable-para-kitkat\/#primaryimage\"},\"image\":{\"@id\":\"https:\/\/www.embalajesterra.com\/blog\/nestle-crea-un-nuevo-envase-reciclable-para-kitkat\/#primaryimage\"},\"thumbnailUrl\":\"https:\/\/www.embalajesterra.com\/blog\/wp-content\/uploads\/2023\/01\/KIT-KAT-SABIAS-QUE-2.jpg\",\"datePublished\":\"2023-01-27T11:29:55+00:00\",\"dateModified\":\"2023-07-20T10:37:07+00:00\",\"breadcrumb\":{\"@id\":\"https:\/\/www.embalajesterra.com\/blog\/nestle-crea-un-nuevo-envase-reciclable-para-kitkat\/#breadcrumb\"},\"inLanguage\":\"es\",\"potentialAction\":[{\"@type\":\"ReadAction\",\"target\":[\"https:\/\/www.embalajesterra.com\/blog\/nestle-crea-un-nuevo-envase-reciclable-para-kitkat\/\"]}]},{\"@type\":\"ImageObject\",\"inLanguage\":\"es\",\"@id\":\"https:\/\/www.embalajesterra.com\/blog\/nestle-crea-un-nuevo-envase-reciclable-para-kitkat\/#primaryimage\",\"url\":\"https:\/\/www.embalajesterra.com\/blog\/wp-content\/uploads\/2023\/01\/KIT-KAT-SABIAS-QUE-2.jpg\",\"contentUrl\":\"https:\/\/www.embalajesterra.com\/blog\/wp-content\/uploads\/2023\/01\/KIT-KAT-SABIAS-QUE-2.jpg\",\"width\":1280,\"height\":640},{\"@type\":\"BreadcrumbList\",\"@id\":\"https:\/\/www.embalajesterra.com\/blog\/nestle-crea-un-nuevo-envase-reciclable-para-kitkat\/#breadcrumb\",\"itemListElement\":[{\"@type\":\"ListItem\",\"position\":1,\"name\":\"Portada\",\"item\":\"https:\/\/www.embalajesterra.com\/blog\/\"},{\"@type\":\"ListItem\",\"position\":2,\"name\":\"Nestl\u00e9 crea un nuevo envase reciclable para KitKat\"}]},{\"@type\":\"WebSite\",\"@id\":\"https:\/\/www.embalajesterra.com\/blog\/#website\",\"url\":\"https:\/\/www.embalajesterra.com\/blog\/\",\"name\":\"Blog de Embalajes Terra\",\"description\":\"\",\"publisher\":{\"@id\":\"https:\/\/www.embalajesterra.com\/blog\/#organization\"},\"potentialAction\":[{\"@type\":\"SearchAction\",\"target\":{\"@type\":\"EntryPoint\",\"urlTemplate\":\"https:\/\/www.embalajesterra.com\/blog\/?s={search_term_string}\"},\"query-input\":{\"@type\":\"PropertyValueSpecification\",\"valueRequired\":true,\"valueName\":\"search_term_string\"}}],\"inLanguage\":\"es\"},{\"@type\":\"Organization\",\"@id\":\"https:\/\/www.embalajesterra.com\/blog\/#organization\",\"name\":\"Embalajes Terra\",\"url\":\"https:\/\/www.embalajesterra.com\/blog\/\",\"logo\":{\"@type\":\"ImageObject\",\"inLanguage\":\"es\",\"@id\":\"https:\/\/www.embalajesterra.com\/blog\/#\/schema\/logo\/image\/\",\"url\":\"https:\/\/www.embalajesterra.com\/blog\/wp-content\/uploads\/2021\/09\/cropped-LogoET3_prestashop1-3.jpg\",\"contentUrl\":\"https:\/\/www.embalajesterra.com\/blog\/wp-content\/uploads\/2021\/09\/cropped-LogoET3_prestashop1-3.jpg\",\"width\":200,\"height\":40,\"caption\":\"Embalajes Terra\"},\"image\":{\"@id\":\"https:\/\/www.embalajesterra.com\/blog\/#\/schema\/logo\/image\/\"},\"sameAs\":[\"https:\/\/www.facebook.com\/embalajesterra\/\",\"https:\/\/x.com\/embalajes_terra\",\"https:\/\/es.pinterest.com\/embalajest\/\",\"https:\/\/www.youtube.com\/channel\/UCS8O3-PMQQIQBsy5lKQkMxQ\"]},{\"@type\":\"Person\",\"@id\":\"https:\/\/www.embalajesterra.com\/blog\/#\/schema\/person\/f8e436d8a820c031fb4ef7b48c71270f\",\"name\":\"Embalajes Terra\",\"image\":{\"@type\":\"ImageObject\",\"inLanguage\":\"es\",\"@id\":\"https:\/\/www.embalajesterra.com\/blog\/#\/schema\/person\/image\/\",\"url\":\"https:\/\/secure.gravatar.com\/avatar\/e9ea62dd671c8fa42a1cb8ec9fdf623c8d0b60d99c1f3e56033bc57479168344?s=96&d=mm&r=g\",\"contentUrl\":\"https:\/\/secure.gravatar.com\/avatar\/e9ea62dd671c8fa42a1cb8ec9fdf623c8d0b60d99c1f3e56033bc57479168344?s=96&d=mm&r=g\",\"caption\":\"Embalajes Terra\"}}]}<\/script>\n<!-- \/ Yoast SEO plugin. -->","yoast_head_json":{"title":"Nestl\u00e9 crea un nuevo envase reciclable para KitKat","robots":{"index":"index","follow":"follow","max-snippet":"max-snippet:-1","max-image-preview":"max-image-preview:large","max-video-preview":"max-video-preview:-1"},"canonical":"https:\/\/www.embalajesterra.com\/blog\/nestle-crea-un-nuevo-envase-reciclable-para-kitkat\/","og_locale":"es_ES","og_type":"article","og_title":"Nestl\u00e9 crea un nuevo envase reciclable para KitKat","og_description":"La conocida marca de alimentaci\u00f3n Nestl\u00e9 ha creado un nuevo envase de papel reciclable para su gama de productos KitKat. El nuevo envase de papel envasar\u00e1 algo m\u00e1s de un...","og_url":"https:\/\/www.embalajesterra.com\/blog\/nestle-crea-un-nuevo-envase-reciclable-para-kitkat\/","og_site_name":"Blog de Embalajes Terra","article_publisher":"https:\/\/www.facebook.com\/embalajesterra\/","article_published_time":"2023-01-27T11:29:55+00:00","article_modified_time":"2023-07-20T10:37:07+00:00","og_image":[{"width":1280,"height":640,"url":"https:\/\/www.embalajesterra.com\/blog\/wp-content\/uploads\/2023\/01\/KIT-KAT-SABIAS-QUE-2.jpg","type":"image\/jpeg"}],"author":"Embalajes Terra","twitter_card":"summary_large_image","twitter_creator":"@embalajes_terra","twitter_site":"@embalajes_terra","twitter_misc":{"Escrito por":"Embalajes Terra","Tiempo de lectura":"2 minutos"},"schema":{"@context":"https:\/\/schema.org","@graph":[{"@type":"Article","@id":"https:\/\/www.embalajesterra.com\/blog\/nestle-crea-un-nuevo-envase-reciclable-para-kitkat\/#article","isPartOf":{"@id":"https:\/\/www.embalajesterra.com\/blog\/nestle-crea-un-nuevo-envase-reciclable-para-kitkat\/"},"author":{"name":"Embalajes Terra","@id":"https:\/\/www.embalajesterra.com\/blog\/#\/schema\/person\/f8e436d8a820c031fb4ef7b48c71270f"},"headline":"Nestl\u00e9 crea un nuevo envase reciclable para KitKat","datePublished":"2023-01-27T11:29:55+00:00","dateModified":"2023-07-20T10:37:07+00:00","mainEntityOfPage":{"@id":"https:\/\/www.embalajesterra.com\/blog\/nestle-crea-un-nuevo-envase-reciclable-para-kitkat\/"},"wordCount":273,"commentCount":0,"publisher":{"@id":"https:\/\/www.embalajesterra.com\/blog\/#organization"},"image":{"@id":"https:\/\/www.embalajesterra.com\/blog\/nestle-crea-un-nuevo-envase-reciclable-para-kitkat\/#primaryimage"},"thumbnailUrl":"https:\/\/www.embalajesterra.com\/blog\/wp-content\/uploads\/2023\/01\/KIT-KAT-SABIAS-QUE-2.jpg","articleSection":["Noticias Actualidad"],"inLanguage":"es","potentialAction":[{"@type":"CommentAction","name":"Comment","target":["https:\/\/www.embalajesterra.com\/blog\/nestle-crea-un-nuevo-envase-reciclable-para-kitkat\/#respond"]}]},{"@type":"WebPage","@id":"https:\/\/www.embalajesterra.com\/blog\/nestle-crea-un-nuevo-envase-reciclable-para-kitkat\/","url":"https:\/\/www.embalajesterra.com\/blog\/nestle-crea-un-nuevo-envase-reciclable-para-kitkat\/","name":"Nestl\u00e9 crea un nuevo envase reciclable para KitKat","isPartOf":{"@id":"https:\/\/www.embalajesterra.com\/blog\/#website"},"primaryImageOfPage":{"@id":"https:\/\/www.embalajesterra.com\/blog\/nestle-crea-un-nuevo-envase-reciclable-para-kitkat\/#primaryimage"},"image":{"@id":"https:\/\/www.embalajesterra.com\/blog\/nestle-crea-un-nuevo-envase-reciclable-para-kitkat\/#primaryimage"},"thumbnailUrl":"https:\/\/www.embalajesterra.com\/blog\/wp-content\/uploads\/2023\/01\/KIT-KAT-SABIAS-QUE-2.jpg","datePublished":"2023-01-27T11:29:55+00:00","dateModified":"2023-07-20T10:37:07+00:00","breadcrumb":{"@id":"https:\/\/www.embalajesterra.com\/blog\/nestle-crea-un-nuevo-envase-reciclable-para-kitkat\/#breadcrumb"},"inLanguage":"es","potentialAction":[{"@type":"ReadAction","target":["https:\/\/www.embalajesterra.com\/blog\/nestle-crea-un-nuevo-envase-reciclable-para-kitkat\/"]}]},{"@type":"ImageObject","inLanguage":"es","@id":"https:\/\/www.embalajesterra.com\/blog\/nestle-crea-un-nuevo-envase-reciclable-para-kitkat\/#primaryimage","url":"https:\/\/www.embalajesterra.com\/blog\/wp-content\/uploads\/2023\/01\/KIT-KAT-SABIAS-QUE-2.jpg","contentUrl":"https:\/\/www.embalajesterra.com\/blog\/wp-content\/uploads\/2023\/01\/KIT-KAT-SABIAS-QUE-2.jpg","width":1280,"height":640},{"@type":"BreadcrumbList","@id":"https:\/\/www.embalajesterra.com\/blog\/nestle-crea-un-nuevo-envase-reciclable-para-kitkat\/#breadcrumb","itemListElement":[{"@type":"ListItem","position":1,"name":"Portada","item":"https:\/\/www.embalajesterra.com\/blog\/"},{"@type":"ListItem","position":2,"name":"Nestl\u00e9 crea un nuevo envase reciclable para KitKat"}]},{"@type":"WebSite","@id":"https:\/\/www.embalajesterra.com\/blog\/#website","url":"https:\/\/www.embalajesterra.com\/blog\/","name":"Blog de Embalajes Terra","description":"","publisher":{"@id":"https:\/\/www.embalajesterra.com\/blog\/#organization"},"potentialAction":[{"@type":"SearchAction","target":{"@type":"EntryPoint","urlTemplate":"https:\/\/www.embalajesterra.com\/blog\/?s={search_term_string}"},"query-input":{"@type":"PropertyValueSpecification","valueRequired":true,"valueName":"search_term_string"}}],"inLanguage":"es"},{"@type":"Organization","@id":"https:\/\/www.embalajesterra.com\/blog\/#organization","name":"Embalajes Terra","url":"https:\/\/www.embalajesterra.com\/blog\/","logo":{"@type":"ImageObject","inLanguage":"es","@id":"https:\/\/www.embalajesterra.com\/blog\/#\/schema\/logo\/image\/","url":"https:\/\/www.embalajesterra.com\/blog\/wp-content\/uploads\/2021\/09\/cropped-LogoET3_prestashop1-3.jpg","contentUrl":"https:\/\/www.embalajesterra.com\/blog\/wp-content\/uploads\/2021\/09\/cropped-LogoET3_prestashop1-3.jpg","width":200,"height":40,"caption":"Embalajes Terra"},"image":{"@id":"https:\/\/www.embalajesterra.com\/blog\/#\/schema\/logo\/image\/"},"sameAs":["https:\/\/www.facebook.com\/embalajesterra\/","https:\/\/x.com\/embalajes_terra","https:\/\/es.pinterest.com\/embalajest\/","https:\/\/www.youtube.com\/channel\/UCS8O3-PMQQIQBsy5lKQkMxQ"]},{"@type":"Person","@id":"https:\/\/www.embalajesterra.com\/blog\/#\/schema\/person\/f8e436d8a820c031fb4ef7b48c71270f","name":"Embalajes Terra","image":{"@type":"ImageObject","inLanguage":"es","@id":"https:\/\/www.embalajesterra.com\/blog\/#\/schema\/person\/image\/","url":"https:\/\/secure.gravatar.com\/avatar\/e9ea62dd671c8fa42a1cb8ec9fdf623c8d0b60d99c1f3e56033bc57479168344?s=96&d=mm&r=g","contentUrl":"https:\/\/secure.gravatar.com\/avatar\/e9ea62dd671c8fa42a1cb8ec9fdf623c8d0b60d99c1f3e56033bc57479168344?s=96&d=mm&r=g","caption":"Embalajes Terra"}}]}},"_links":{"self":[{"href":"https:\/\/www.embalajesterra.com\/blog\/wp-json\/wp\/v2\/posts\/4840","targetHints":{"allow":["GET"]}}],"collection":[{"href":"https:\/\/www.embalajesterra.com\/blog\/wp-json\/wp\/v2\/posts"}],"about":[{"href":"https:\/\/www.embalajesterra.com\/blog\/wp-json\/wp\/v2\/types\/post"}],"author":[{"embeddable":true,"href":"https:\/\/www.embalajesterra.com\/blog\/wp-json\/wp\/v2\/users\/1"}],"replies":[{"embeddable":true,"href":"https:\/\/www.embalajesterra.com\/blog\/wp-json\/wp\/v2\/comments?post=4840"}],"version-history":[{"count":1,"href":"https:\/\/www.embalajesterra.com\/blog\/wp-json\/wp\/v2\/posts\/4840\/revisions"}],"predecessor-version":[{"id":4842,"href":"https:\/\/www.embalajesterra.com\/blog\/wp-json\/wp\/v2\/posts\/4840\/revisions\/4842"}],"wp:featuredmedia":[{"embeddable":true,"href":"https:\/\/www.embalajesterra.com\/blog\/wp-json\/wp\/v2\/media\/4841"}],"wp:attachment":[{"href":"https:\/\/www.embalajesterra.com\/blog\/wp-json\/wp\/v2\/media?parent=4840"}],"wp:term":[{"taxonomy":"category","embeddable":true,"href":"https:\/\/www.embalajesterra.com\/blog\/wp-json\/wp\/v2\/categories?post=4840"},{"taxonomy":"post_tag","embeddable":true,"href":"https:\/\/www.embalajesterra.com\/blog\/wp-json\/wp\/v2\/tags?post=4840"}],"curies":[{"name":"wp","href":"https:\/\/api.w.org\/{rel}","templated":true}]}}